{"id":1108,"date":"2022-05-04T10:28:59","date_gmt":"2022-05-04T08:28:59","guid":{"rendered":"https:\/\/www.esnautic.com\/?p=1108"},"modified":"2022-07-13T11:45:09","modified_gmt":"2022-07-13T11:45:09","slug":"espectacular-salida-del-trimaran-de-alex-pella-que-ha-batido-el-record-ibiza-denia","status":"publish","type":"post","link":"https:\/\/www.esnautic.com\/ca\/area-deportiva\/vela\/crucero\/espectacular-salida-del-trimaran-de-alex-pella-que-ha-batido-el-record-ibiza-denia\/","title":{"rendered":"Espectacular sortida del trimar\u00e0 d&#8217;\u00c1lex Pella, que ha batut el r\u00e8cord Eivissa-D\u00e9nia"},"content":{"rendered":"<div class=\"wpb-content-wrapper\"><p>[vc_row][vc_column][vc_column_text]Faltaven pocs minuts per les dos de la tarda, quan personal del Club N\u00e0utic Sant Antoni ha donat la sortida al trimar\u00e0 Arkema, comandat per \u00c1lex Pella, amb l&#8217;objectiu de batre el r\u00e8cord Eivissa-D\u00e9nia a vela, que fins ara ostentava ell mateix, amb un temps de 5 hores, 18 minuts i 11 segons. A la partida, l&#8217;equip de Es N\u00e0utic ha pogut comprovar l&#8217;extraordin\u00e0ria velocitat del trimar\u00e0, que ha sortit disparat del port de Sant Antoni a una velocitat de 35 nusos, que a l&#8217;altura de l&#8217;illot de sa Conillera ja s&#8217;havien tradu\u00eft en 40.<\/p>\n<p>L&#8217;equip de Es N\u00e0utic l&#8217;ha seguit durant unes milles en una llanxa n\u00e0utica a motor, per\u00f2 la velocitat del trimar\u00e0 de Pella era tan elevada que no podien agafar-li el ritme. Gr\u00e0cies a l&#8217;extraordin\u00e0ria aerodin\u00e0mica del veler, Pella havia previst arribar al port de D\u00e9nia en tres hores, per\u00f2 finalment ho ha aconseguit en dos hores i quart, segons ha pogut saber \u00c9s N\u00e0utic. El r\u00e8cord, per tant, s&#8217;ha batut i el temps de travessia, redu\u00eft a menys de la meitat.<\/p>\n<p>Els mariners del CNSA han pogut gravar dos v\u00eddeos: un amb el moment de la sortida del Arkema, a les 13,51 hores, i un altre en el qual pot observar-se a aquesta embarcaci\u00f3 navegant a una velocitat impressionant.[\/vc_column_text][\/vc_column][\/vc_row][vc_row][vc_column][vc_raw_html]JTNDdmlkZW8lMjBzcmMlM0QlMjJodHRwcyUzQSUyRiUyRnd3dy5lc25hdXRpYy5jb20lMkZ3cC1jb250ZW50JTJGdXBsb2FkcyUyRjIwMjIlMkYwNyUyRlNhbGlkYS1BcmtlbWEubXA0JTIyJTIwY29udHJvbHMlM0UlMEElMjAlMjAlM0NwJTNFU3UlMjBuYXZlZ2Fkb3IlMjBubyUyMHNvcG9ydGElMjB2JUMzJUFEZGVvcyUyMEhUTUw1LiUzQyUyRnAlM0UlMEElM0MlMkZ2aWRlbyUzRSUwQQ==[\/vc_raw_html][\/vc_column][\/vc_row]<\/p>\n<\/div>","protected":false},"excerpt":{"rendered":"<p>[vc_row][vc_column][vc_column_text]Faltaven pocs minuts per les dos de la tarda, quan personal del Club N\u00e0utic Sant Antoni ha donat la sortida al trimar\u00e0 Arkema, comandat per \u00c1lex Pella, amb l&#8217;objectiu de [&hellip;]<\/p>\n","protected":false},"author":1,"featured_media":654,"comment_status":"open","ping_status":"open","sticky":false,"template":"","format":"video","meta":{"_acf_changed":false,"jnews-multi-image_gallery":[],"jnews_single_post":{"subtitle":"","format":"video","video":"http:\/\/www.esnautic.com\/wp-content\/uploads\/2022\/07\/Arkema-a-toda-velocidad.mp4","gallery":"","source_name":"","source_url":"","via_name":"","via_url":"","override_template":"0","override":[{"template":"3","single_blog_custom":"","parallax":"1","fullscreen":"1","layout":"right-sidebar","sidebar":"default-sidebar","second_sidebar":"default-sidebar","sticky_sidebar":"0","share_position":"bottom","share_float_style":"share-monocrhome","show_share_counter":"1","show_view_counter":"1","show_featured":"1","show_post_meta":"1","show_post_author":"0","show_post_author_image":"1","show_post_date":"1","post_date_format":"default","post_date_format_custom":"Y\/m\/d","show_post_category":"1","show_post_reading_time":"0","post_reading_time_wpm":"300","show_zoom_button":"0","zoom_button_out_step":"2","zoom_button_in_step":"3","show_post_tag":"1","show_prev_next_post":"0","show_popup_post":"0","number_popup_post":"2","show_author_box":"0","show_post_related":"1","show_inline_post_related":"0"}],"override_image_size":"0","image_override":[{"single_post_thumbnail_size":"crop-715","single_post_gallery_size":"crop-500"}],"trending_post":"0","trending_post_position":"meta","trending_post_label":"Trending","sponsored_post":"0","sponsored_post_label":"Sponsored by","sponsored_post_name":"","sponsored_post_url":"","sponsored_post_logo_enable":"0","sponsored_post_logo":"","sponsored_post_desc":"","disable_ad":"0"},"jnews_primary_category":{"id":""},"jnews_override_counter":{"override_view_counter":"0","view_counter_number":"0","override_share_counter":"0","share_counter_number":"0","override_like_counter":"0","like_counter_number":"0","override_dislike_counter":"0","dislike_counter_number":"0"},"footnotes":""},"categories":[81],"tags":[],"class_list":["post-1108","post","type-post","status-publish","format-video","has-post-thumbnail","hentry","category-crucero","post_format-post-format-video"],"acf":[],"yoast_head":"<!-- This site is optimized with the Yoast SEO plugin v26.7 - https:\/\/yoast.com\/wordpress\/plugins\/seo\/ -->\n<title>Espectacular sortida del trimar\u00e0 d&#039;\u00c1lex Pella, que ha batut el r\u00e8cord Eivissa-D\u00e9nia - Es N\u00e0utic<\/title>\n<meta name=\"robots\" content=\"index, follow, max-snippet:-1, max-image-preview:large, max-video-preview:-1\" \/>\n<link rel=\"canonical\" href=\"https:\/\/www.esnautic.com\/ca\/area-deportiva\/vela\/crucero\/espectacular-salida-del-trimaran-de-alex-pella-que-ha-batido-el-record-ibiza-denia\/\" \/>\n<meta property=\"og:locale\" content=\"ca_ES\" \/>\n<meta property=\"og:type\" content=\"article\" \/>\n<meta property=\"og:title\" content=\"Espectacular sortida del trimar\u00e0 d&#039;\u00c1lex Pella, que ha batut el r\u00e8cord Eivissa-D\u00e9nia - Es N\u00e0utic\" \/>\n<meta property=\"og:description\" content=\"[vc_row][vc_column][vc_column_text]Faltaven pocs minuts per les dos de la tarda, quan personal del Club N\u00e0utic Sant Antoni ha donat la sortida al trimar\u00e0 Arkema, comandat per \u00c1lex Pella, amb l&#8217;objectiu de [&hellip;]\" \/>\n<meta property=\"og:url\" content=\"https:\/\/www.esnautic.com\/ca\/area-deportiva\/vela\/crucero\/espectacular-salida-del-trimaran-de-alex-pella-que-ha-batido-el-record-ibiza-denia\/\" \/>\n<meta property=\"og:site_name\" content=\"Es N\u00e0utic\" \/>\n<meta property=\"article:published_time\" content=\"2022-05-04T08:28:59+00:00\" \/>\n<meta property=\"article:modified_time\" content=\"2022-07-13T11:45:09+00:00\" \/>\n<meta property=\"og:image\" content=\"https:\/\/www.esnautic.com\/wp-content\/uploads\/2022\/07\/arkema.png\" \/>\n\t<meta property=\"og:image:width\" content=\"1081\" \/>\n\t<meta property=\"og:image:height\" content=\"609\" \/>\n\t<meta property=\"og:image:type\" content=\"image\/png\" \/>\n<meta name=\"author\" content=\"welove\" \/>\n<meta name=\"twitter:card\" content=\"summary_large_image\" \/>\n<meta name=\"twitter:label1\" content=\"Escrit per\" \/>\n\t<meta name=\"twitter:data1\" content=\"welove\" \/>\n\t<meta name=\"twitter:label2\" content=\"Temps estimat de lectura\" \/>\n\t<meta name=\"twitter:data2\" content=\"1 minut\" \/>\n<script type=\"application\/ld+json\" class=\"yoast-schema-graph\">{\"@context\":\"https:\/\/schema.org\",\"@graph\":[{\"@type\":\"Article\",\"@id\":\"https:\/\/www.esnautic.com\/ca\/area-deportiva\/vela\/crucero\/espectacular-salida-del-trimaran-de-alex-pella-que-ha-batido-el-record-ibiza-denia\/#article\",\"isPartOf\":{\"@id\":\"https:\/\/www.esnautic.com\/ca\/area-deportiva\/vela\/crucero\/espectacular-salida-del-trimaran-de-alex-pella-que-ha-batido-el-record-ibiza-denia\/\"},\"author\":{\"name\":\"welove\",\"@id\":\"https:\/\/www.esnautic.com\/#\/schema\/person\/608d82a6c6c63fddf573c5aa37530138\"},\"headline\":\"Espectacular sortida del trimar\u00e0 d&#8217;\u00c1lex Pella, que ha batut el r\u00e8cord Eivissa-D\u00e9nia\",\"datePublished\":\"2022-05-04T08:28:59+00:00\",\"dateModified\":\"2022-07-13T11:45:09+00:00\",\"mainEntityOfPage\":{\"@id\":\"https:\/\/www.esnautic.com\/ca\/area-deportiva\/vela\/crucero\/espectacular-salida-del-trimaran-de-alex-pella-que-ha-batido-el-record-ibiza-denia\/\"},\"wordCount\":304,\"commentCount\":0,\"image\":{\"@id\":\"https:\/\/www.esnautic.com\/ca\/area-deportiva\/vela\/crucero\/espectacular-salida-del-trimaran-de-alex-pella-que-ha-batido-el-record-ibiza-denia\/#primaryimage\"},\"thumbnailUrl\":\"https:\/\/www.esnautic.com\/wp-content\/uploads\/2022\/07\/arkema.png\",\"articleSection\":[\"Crucero\"],\"inLanguage\":\"ca\",\"potentialAction\":[{\"@type\":\"CommentAction\",\"name\":\"Comment\",\"target\":[\"https:\/\/www.esnautic.com\/ca\/area-deportiva\/vela\/crucero\/espectacular-salida-del-trimaran-de-alex-pella-que-ha-batido-el-record-ibiza-denia\/#respond\"]}]},{\"@type\":\"WebPage\",\"@id\":\"https:\/\/www.esnautic.com\/ca\/area-deportiva\/vela\/crucero\/espectacular-salida-del-trimaran-de-alex-pella-que-ha-batido-el-record-ibiza-denia\/\",\"url\":\"https:\/\/www.esnautic.com\/ca\/area-deportiva\/vela\/crucero\/espectacular-salida-del-trimaran-de-alex-pella-que-ha-batido-el-record-ibiza-denia\/\",\"name\":\"Espectacular sortida del trimar\u00e0 d'\u00c1lex Pella, que ha batut el r\u00e8cord Eivissa-D\u00e9nia - Es N\u00e0utic\",\"isPartOf\":{\"@id\":\"https:\/\/www.esnautic.com\/#website\"},\"primaryImageOfPage\":{\"@id\":\"https:\/\/www.esnautic.com\/ca\/area-deportiva\/vela\/crucero\/espectacular-salida-del-trimaran-de-alex-pella-que-ha-batido-el-record-ibiza-denia\/#primaryimage\"},\"image\":{\"@id\":\"https:\/\/www.esnautic.com\/ca\/area-deportiva\/vela\/crucero\/espectacular-salida-del-trimaran-de-alex-pella-que-ha-batido-el-record-ibiza-denia\/#primaryimage\"},\"thumbnailUrl\":\"https:\/\/www.esnautic.com\/wp-content\/uploads\/2022\/07\/arkema.png\",\"datePublished\":\"2022-05-04T08:28:59+00:00\",\"dateModified\":\"2022-07-13T11:45:09+00:00\",\"author\":{\"@id\":\"https:\/\/www.esnautic.com\/#\/schema\/person\/608d82a6c6c63fddf573c5aa37530138\"},\"breadcrumb\":{\"@id\":\"https:\/\/www.esnautic.com\/ca\/area-deportiva\/vela\/crucero\/espectacular-salida-del-trimaran-de-alex-pella-que-ha-batido-el-record-ibiza-denia\/#breadcrumb\"},\"inLanguage\":\"ca\",\"potentialAction\":[{\"@type\":\"ReadAction\",\"target\":[\"https:\/\/www.esnautic.com\/ca\/area-deportiva\/vela\/crucero\/espectacular-salida-del-trimaran-de-alex-pella-que-ha-batido-el-record-ibiza-denia\/\"]}]},{\"@type\":\"ImageObject\",\"inLanguage\":\"ca\",\"@id\":\"https:\/\/www.esnautic.com\/ca\/area-deportiva\/vela\/crucero\/espectacular-salida-del-trimaran-de-alex-pella-que-ha-batido-el-record-ibiza-denia\/#primaryimage\",\"url\":\"https:\/\/www.esnautic.com\/wp-content\/uploads\/2022\/07\/arkema.png\",\"contentUrl\":\"https:\/\/www.esnautic.com\/wp-content\/uploads\/2022\/07\/arkema.png\",\"width\":1081,\"height\":609},{\"@type\":\"BreadcrumbList\",\"@id\":\"https:\/\/www.esnautic.com\/ca\/area-deportiva\/vela\/crucero\/espectacular-salida-del-trimaran-de-alex-pella-que-ha-batido-el-record-ibiza-denia\/#breadcrumb\",\"itemListElement\":[{\"@type\":\"ListItem\",\"position\":1,\"name\":\"Inici\",\"item\":\"https:\/\/www.esnautic.com\/ca\/\"},{\"@type\":\"ListItem\",\"position\":2,\"name\":\"Espectacular sortida del trimar\u00e0 d&#8217;\u00c1lex Pella, que ha batut el r\u00e8cord Eivissa-D\u00e9nia\"}]},{\"@type\":\"WebSite\",\"@id\":\"https:\/\/www.esnautic.com\/#website\",\"url\":\"https:\/\/www.esnautic.com\/\",\"name\":\"Es N\u00e0utic\",\"description\":\"Club N\u00e0utic Sant Antoni\",\"potentialAction\":[{\"@type\":\"SearchAction\",\"target\":{\"@type\":\"EntryPoint\",\"urlTemplate\":\"https:\/\/www.esnautic.com\/?s={search_term_string}\"},\"query-input\":{\"@type\":\"PropertyValueSpecification\",\"valueRequired\":true,\"valueName\":\"search_term_string\"}}],\"inLanguage\":\"ca\"},{\"@type\":\"Person\",\"@id\":\"https:\/\/www.esnautic.com\/#\/schema\/person\/608d82a6c6c63fddf573c5aa37530138\",\"name\":\"welove\",\"image\":{\"@type\":\"ImageObject\",\"inLanguage\":\"ca\",\"@id\":\"https:\/\/www.esnautic.com\/#\/schema\/person\/image\/\",\"url\":\"https:\/\/secure.gravatar.com\/avatar\/8a215e88517ac3e3930b7c0a0b890f9fba324c4f6e29ec73d671d62468d6ac18?s=96&d=mm&r=g\",\"contentUrl\":\"https:\/\/secure.gravatar.com\/avatar\/8a215e88517ac3e3930b7c0a0b890f9fba324c4f6e29ec73d671d62468d6ac18?s=96&d=mm&r=g\",\"caption\":\"welove\"},\"sameAs\":[\"http:\/\/esnautic.com\"],\"url\":\"https:\/\/www.esnautic.com\/ca\/author\/welove\/\"}]}<\/script>\n<!-- \/ Yoast SEO plugin. -->","yoast_head_json":{"title":"Espectacular sortida del trimar\u00e0 d'\u00c1lex Pella, que ha batut el r\u00e8cord Eivissa-D\u00e9nia - Es N\u00e0utic","robots":{"index":"index","follow":"follow","max-snippet":"max-snippet:-1","max-image-preview":"max-image-preview:large","max-video-preview":"max-video-preview:-1"},"canonical":"https:\/\/www.esnautic.com\/ca\/area-deportiva\/vela\/crucero\/espectacular-salida-del-trimaran-de-alex-pella-que-ha-batido-el-record-ibiza-denia\/","og_locale":"ca_ES","og_type":"article","og_title":"Espectacular sortida del trimar\u00e0 d'\u00c1lex Pella, que ha batut el r\u00e8cord Eivissa-D\u00e9nia - Es N\u00e0utic","og_description":"[vc_row][vc_column][vc_column_text]Faltaven pocs minuts per les dos de la tarda, quan personal del Club N\u00e0utic Sant Antoni ha donat la sortida al trimar\u00e0 Arkema, comandat per \u00c1lex Pella, amb l&#8217;objectiu de [&hellip;]","og_url":"https:\/\/www.esnautic.com\/ca\/area-deportiva\/vela\/crucero\/espectacular-salida-del-trimaran-de-alex-pella-que-ha-batido-el-record-ibiza-denia\/","og_site_name":"Es N\u00e0utic","article_published_time":"2022-05-04T08:28:59+00:00","article_modified_time":"2022-07-13T11:45:09+00:00","og_image":[{"width":1081,"height":609,"url":"https:\/\/www.esnautic.com\/wp-content\/uploads\/2022\/07\/arkema.png","type":"image\/png"}],"author":"welove","twitter_card":"summary_large_image","twitter_misc":{"Escrit per":"welove","Temps estimat de lectura":"1 minut"},"schema":{"@context":"https:\/\/schema.org","@graph":[{"@type":"Article","@id":"https:\/\/www.esnautic.com\/ca\/area-deportiva\/vela\/crucero\/espectacular-salida-del-trimaran-de-alex-pella-que-ha-batido-el-record-ibiza-denia\/#article","isPartOf":{"@id":"https:\/\/www.esnautic.com\/ca\/area-deportiva\/vela\/crucero\/espectacular-salida-del-trimaran-de-alex-pella-que-ha-batido-el-record-ibiza-denia\/"},"author":{"name":"welove","@id":"https:\/\/www.esnautic.com\/#\/schema\/person\/608d82a6c6c63fddf573c5aa37530138"},"headline":"Espectacular sortida del trimar\u00e0 d&#8217;\u00c1lex Pella, que ha batut el r\u00e8cord Eivissa-D\u00e9nia","datePublished":"2022-05-04T08:28:59+00:00","dateModified":"2022-07-13T11:45:09+00:00","mainEntityOfPage":{"@id":"https:\/\/www.esnautic.com\/ca\/area-deportiva\/vela\/crucero\/espectacular-salida-del-trimaran-de-alex-pella-que-ha-batido-el-record-ibiza-denia\/"},"wordCount":304,"commentCount":0,"image":{"@id":"https:\/\/www.esnautic.com\/ca\/area-deportiva\/vela\/crucero\/espectacular-salida-del-trimaran-de-alex-pella-que-ha-batido-el-record-ibiza-denia\/#primaryimage"},"thumbnailUrl":"https:\/\/www.esnautic.com\/wp-content\/uploads\/2022\/07\/arkema.png","articleSection":["Crucero"],"inLanguage":"ca","potentialAction":[{"@type":"CommentAction","name":"Comment","target":["https:\/\/www.esnautic.com\/ca\/area-deportiva\/vela\/crucero\/espectacular-salida-del-trimaran-de-alex-pella-que-ha-batido-el-record-ibiza-denia\/#respond"]}]},{"@type":"WebPage","@id":"https:\/\/www.esnautic.com\/ca\/area-deportiva\/vela\/crucero\/espectacular-salida-del-trimaran-de-alex-pella-que-ha-batido-el-record-ibiza-denia\/","url":"https:\/\/www.esnautic.com\/ca\/area-deportiva\/vela\/crucero\/espectacular-salida-del-trimaran-de-alex-pella-que-ha-batido-el-record-ibiza-denia\/","name":"Espectacular sortida del trimar\u00e0 d'\u00c1lex Pella, que ha batut el r\u00e8cord Eivissa-D\u00e9nia - Es N\u00e0utic","isPartOf":{"@id":"https:\/\/www.esnautic.com\/#website"},"primaryImageOfPage":{"@id":"https:\/\/www.esnautic.com\/ca\/area-deportiva\/vela\/crucero\/espectacular-salida-del-trimaran-de-alex-pella-que-ha-batido-el-record-ibiza-denia\/#primaryimage"},"image":{"@id":"https:\/\/www.esnautic.com\/ca\/area-deportiva\/vela\/crucero\/espectacular-salida-del-trimaran-de-alex-pella-que-ha-batido-el-record-ibiza-denia\/#primaryimage"},"thumbnailUrl":"https:\/\/www.esnautic.com\/wp-content\/uploads\/2022\/07\/arkema.png","datePublished":"2022-05-04T08:28:59+00:00","dateModified":"2022-07-13T11:45:09+00:00","author":{"@id":"https:\/\/www.esnautic.com\/#\/schema\/person\/608d82a6c6c63fddf573c5aa37530138"},"breadcrumb":{"@id":"https:\/\/www.esnautic.com\/ca\/area-deportiva\/vela\/crucero\/espectacular-salida-del-trimaran-de-alex-pella-que-ha-batido-el-record-ibiza-denia\/#breadcrumb"},"inLanguage":"ca","potentialAction":[{"@type":"ReadAction","target":["https:\/\/www.esnautic.com\/ca\/area-deportiva\/vela\/crucero\/espectacular-salida-del-trimaran-de-alex-pella-que-ha-batido-el-record-ibiza-denia\/"]}]},{"@type":"ImageObject","inLanguage":"ca","@id":"https:\/\/www.esnautic.com\/ca\/area-deportiva\/vela\/crucero\/espectacular-salida-del-trimaran-de-alex-pella-que-ha-batido-el-record-ibiza-denia\/#primaryimage","url":"https:\/\/www.esnautic.com\/wp-content\/uploads\/2022\/07\/arkema.png","contentUrl":"https:\/\/www.esnautic.com\/wp-content\/uploads\/2022\/07\/arkema.png","width":1081,"height":609},{"@type":"BreadcrumbList","@id":"https:\/\/www.esnautic.com\/ca\/area-deportiva\/vela\/crucero\/espectacular-salida-del-trimaran-de-alex-pella-que-ha-batido-el-record-ibiza-denia\/#breadcrumb","itemListElement":[{"@type":"ListItem","position":1,"name":"Inici","item":"https:\/\/www.esnautic.com\/ca\/"},{"@type":"ListItem","position":2,"name":"Espectacular sortida del trimar\u00e0 d&#8217;\u00c1lex Pella, que ha batut el r\u00e8cord Eivissa-D\u00e9nia"}]},{"@type":"WebSite","@id":"https:\/\/www.esnautic.com\/#website","url":"https:\/\/www.esnautic.com\/","name":"Es N\u00e0utic","description":"Club N\u00e0utic Sant Antoni","potentialAction":[{"@type":"SearchAction","target":{"@type":"EntryPoint","urlTemplate":"https:\/\/www.esnautic.com\/?s={search_term_string}"},"query-input":{"@type":"PropertyValueSpecification","valueRequired":true,"valueName":"search_term_string"}}],"inLanguage":"ca"},{"@type":"Person","@id":"https:\/\/www.esnautic.com\/#\/schema\/person\/608d82a6c6c63fddf573c5aa37530138","name":"welove","image":{"@type":"ImageObject","inLanguage":"ca","@id":"https:\/\/www.esnautic.com\/#\/schema\/person\/image\/","url":"https:\/\/secure.gravatar.com\/avatar\/8a215e88517ac3e3930b7c0a0b890f9fba324c4f6e29ec73d671d62468d6ac18?s=96&d=mm&r=g","contentUrl":"https:\/\/secure.gravatar.com\/avatar\/8a215e88517ac3e3930b7c0a0b890f9fba324c4f6e29ec73d671d62468d6ac18?s=96&d=mm&r=g","caption":"welove"},"sameAs":["http:\/\/esnautic.com"],"url":"https:\/\/www.esnautic.com\/ca\/author\/welove\/"}]}},"_links":{"self":[{"href":"https:\/\/www.esnautic.com\/ca\/wp-json\/wp\/v2\/posts\/1108","targetHints":{"allow":["GET"]}}],"collection":[{"href":"https:\/\/www.esnautic.com\/ca\/wp-json\/wp\/v2\/posts"}],"about":[{"href":"https:\/\/www.esnautic.com\/ca\/wp-json\/wp\/v2\/types\/post"}],"author":[{"embeddable":true,"href":"https:\/\/www.esnautic.com\/ca\/wp-json\/wp\/v2\/users\/1"}],"replies":[{"embeddable":true,"href":"https:\/\/www.esnautic.com\/ca\/wp-json\/wp\/v2\/comments?post=1108"}],"version-history":[{"count":0,"href":"https:\/\/www.esnautic.com\/ca\/wp-json\/wp\/v2\/posts\/1108\/revisions"}],"wp:featuredmedia":[{"embeddable":true,"href":"https:\/\/www.esnautic.com\/ca\/wp-json\/wp\/v2\/media\/654"}],"wp:attachment":[{"href":"https:\/\/www.esnautic.com\/ca\/wp-json\/wp\/v2\/media?parent=1108"}],"wp:term":[{"taxonomy":"category","embeddable":true,"href":"https:\/\/www.esnautic.com\/ca\/wp-json\/wp\/v2\/categories?post=1108"},{"taxonomy":"post_tag","embeddable":true,"href":"https:\/\/www.esnautic.com\/ca\/wp-json\/wp\/v2\/tags?post=1108"}],"curies":[{"name":"wp","href":"https:\/\/api.w.org\/{rel}","templated":true}]}}