{"id":1204,"date":"2022-05-10T08:34:07","date_gmt":"2022-05-10T06:34:07","guid":{"rendered":"https:\/\/www.esnautic.com\/?p=1204"},"modified":"2022-07-14T07:08:33","modified_gmt":"2022-07-14T07:08:33","slug":"el-hotel-portmany-historia-de-un-alojamiento-pionero","status":"publish","type":"post","link":"https:\/\/www.esnautic.com\/ca\/corporatiu\/reportatges\/el-hotel-portmany-historia-de-un-alojamiento-pionero\/","title":{"rendered":"L&#8217;Hotel Portmany, hist\u00f2ria d&#8217;un allotjament pioner"},"content":{"rendered":"<p>Divendres passat, 6 de maig, el Club N\u00e0utic Sant Antoni va acollir una nova edici\u00f3 de les Xerrades Essencials, la seva tert\u00falia amb personalitats vinculades a la hist\u00f2ria de la badia i la pr\u00f2pia illa. En aquesta ocasi\u00f3 va estar dedicada a l\u2019Hotel Portmany, que l\u2019any que ve complir\u00e0 90 anys, i a l\u2019home que el va fer realitat: Pep Rosell\u00f3 Cardona, m\u00e9s conegut com <em>Pep de na Mossona<\/em>, un aut\u00e8ntic pioner. La xerrada va comptar amb la pres\u00e8ncia de Joan Pantaleoni, el seu net i actual gerent de l\u2019establiment.<\/p>\n<p>L\u2019obertura d\u2019aquest allotjament, el primer destinat a un turista selecte en la localitat, es va produir en 1933, un any fonamental en l\u2019evoluci\u00f3 de la ind\u00fastria tur\u00edstica d\u2019Eivissa. A partir de llavors l\u2019illa va comen\u00e7ar a evolucionar d\u2019un territori exclusivament rural de llauradors i pescadors, on hi havia moltes mancances, a un entorn amb capacitat per a progressar i generar riquesa a trav\u00e9s del turisme, encara que en aquest instant gaireb\u00e9 ning\u00fa era capa\u00e7 d\u2019albirar-ho<\/p>\n<figure id=\"attachment_373\" aria-describedby=\"caption-attachment-373\" style=\"width: 800px\" class=\"wp-caption alignnone\"><a href=\"http:\/\/www.esnautic.com\/wp-content\/uploads\/2022\/05\/07-min.jpg\"><img decoding=\"async\" class=\"size-full wp-image-373\" src=\"http:\/\/www.esnautic.com\/wp-content\/uploads\/2022\/05\/07-min.jpg\" alt=\"\" width=\"800\" height=\"1050\" srcset=\"https:\/\/www.esnautic.com\/wp-content\/uploads\/2022\/05\/07-min.jpg 800w, https:\/\/www.esnautic.com\/wp-content\/uploads\/2022\/05\/07-min-229x300.jpg 229w, https:\/\/www.esnautic.com\/wp-content\/uploads\/2022\/05\/07-min-780x1024.jpg 780w, https:\/\/www.esnautic.com\/wp-content\/uploads\/2022\/05\/07-min-768x1008.jpg 768w, https:\/\/www.esnautic.com\/wp-content\/uploads\/2022\/05\/07-min-750x984.jpg 750w\" sizes=\"(max-width: 800px) 100vw, 800px\" \/><\/a><figcaption id=\"caption-attachment-373\" class=\"wp-caption-text\">El jove Pep Rosell\u00f3 Cardona, \u2018Pep de na Mossona\u2019<\/figcaption><\/figure>\n<p>En el transcurs d\u2019aquell any van obrir a Eivissa els primers quatre hotels concebuts per viatgers europeus adinerats, que es movien pel plaer de descobrir nous paradisos. Aquests hotels, a m\u00e9s del Portmany, van ser el Buenavista de Santa Eul\u00e0ria, el Gran Hotel, despr\u00e9s anomenat Montesol, i l\u2019Illa Blanca, aquests dos \u00faltims al Passeig de Vara de Rei, a la capital.<\/p>\n<p>L\u2019Hotel Portmany, per uns pocs mesos, va ser el tercer, per\u00f2 hauria pogut avan\u00e7ar-los a tots de no ser pels retards inesperats que van sofrir les obres. No obstant aix\u00f2, era el que disposava d\u2019una gesti\u00f3 m\u00e9s professional, una atenci\u00f3 d\u2019alta qualitat i uns serveis complementaris que ning\u00fa m\u00e9s dispensava.<\/p>\n<figure id=\"attachment_375\" aria-describedby=\"caption-attachment-375\" style=\"width: 1024px\" class=\"wp-caption alignnone\"><a href=\"http:\/\/www.esnautic.com\/wp-content\/uploads\/2022\/05\/WhatsApp-Image-2022-05-12-at-2.25.23-PM-2-1024x722-1.jpg\"><img decoding=\"async\" class=\"size-full wp-image-375\" src=\"http:\/\/www.esnautic.com\/wp-content\/uploads\/2022\/05\/WhatsApp-Image-2022-05-12-at-2.25.23-PM-2-1024x722-1.jpg\" alt=\"\" width=\"1024\" height=\"722\" srcset=\"https:\/\/www.esnautic.com\/wp-content\/uploads\/2022\/05\/WhatsApp-Image-2022-05-12-at-2.25.23-PM-2-1024x722-1.jpg 1024w, https:\/\/www.esnautic.com\/wp-content\/uploads\/2022\/05\/WhatsApp-Image-2022-05-12-at-2.25.23-PM-2-1024x722-1-300x212.jpg 300w, https:\/\/www.esnautic.com\/wp-content\/uploads\/2022\/05\/WhatsApp-Image-2022-05-12-at-2.25.23-PM-2-1024x722-1-768x542.jpg 768w, https:\/\/www.esnautic.com\/wp-content\/uploads\/2022\/05\/WhatsApp-Image-2022-05-12-at-2.25.23-PM-2-1024x722-1-120x86.jpg 120w, https:\/\/www.esnautic.com\/wp-content\/uploads\/2022\/05\/WhatsApp-Image-2022-05-12-at-2.25.23-PM-2-1024x722-1-750x529.jpg 750w\" sizes=\"(max-width: 1024px) 100vw, 1024px\" \/><\/a><figcaption id=\"caption-attachment-375\" class=\"wp-caption-text\">Confer\u00e8ncia al Club N\u00e0utic Sant Antoni, amb Joan Pantaleoni i el periodista Xescu Prats (6 de maig de 2022)<\/figcaption><\/figure>\n<p>Nom\u00e9s una personalitat molt especial com la de <em>Pep de na Mossona<\/em> podia concebre una cosa aix\u00ed. Encara que era un home nascut al camp, va viatjar per Europa des de molt jove i parlava diversos idiomes: angl\u00e8s, franc\u00e8s i una mica d\u2019alemany. Aquesta visi\u00f3 li va fer imaginar Sant Antoni com una destinaci\u00f3 tur\u00edstica de gran atractiu, que podia generar un progr\u00e9s extraordinari per a una poblaci\u00f3 que, des del punt de vista econ\u00f2mic i social, pr\u00e0cticament continuava immersa en l\u2019edat mitjana.<\/p>\n<p>Sobre aquesta hist\u00f2ria existeix un llibre molt interessant i ben documentat, publicat en 2017 per l\u2019Editorial Mediterr\u00e0nia i escrit per l\u2019historiador Felip Cirer, anomenat <em>L\u2019Hotel Portmany: la utopia d\u2019un antonienc<\/em>. Cont\u00e9 bona part de les imatges familiars que Joan Pantaleoni ha cedit per a aquest reportatge, juntament amb altres m\u00e9s actuals de l\u2019establiment, remodelat \u00edntegrament i reobert en 2021.<\/p>\n<p><a href=\"http:\/\/www.esnautic.com\/wp-content\/uploads\/2022\/05\/06-min.jpg\"><img decoding=\"async\" class=\"alignnone size-full wp-image-376\" src=\"http:\/\/www.esnautic.com\/wp-content\/uploads\/2022\/05\/06-min.jpg\" alt=\"\" width=\"800\" height=\"1076\" srcset=\"https:\/\/www.esnautic.com\/wp-content\/uploads\/2022\/05\/06-min.jpg 800w, https:\/\/www.esnautic.com\/wp-content\/uploads\/2022\/05\/06-min-223x300.jpg 223w, https:\/\/www.esnautic.com\/wp-content\/uploads\/2022\/05\/06-min-761x1024.jpg 761w, https:\/\/www.esnautic.com\/wp-content\/uploads\/2022\/05\/06-min-768x1033.jpg 768w, https:\/\/www.esnautic.com\/wp-content\/uploads\/2022\/05\/06-min-750x1009.jpg 750w\" sizes=\"(max-width: 800px) 100vw, 800px\" \/><\/a><\/p>\n<p><strong>Inf\u00e0ncia i joventut de <em>Pep de na Mossona<\/em><\/strong><\/p>\n<p>Josep Rosell\u00f3 Cardona, <em>Pep de na Mossona<\/em>, va n\u00e9ixer l\u2019any 1903 a Can Pere Coix, al pla de Sant Antoni, prop del Cam\u00ed de sa Vorera. Era fill de Pere Rosell\u00f3 Ramon i Vicenta Cardona Ribas, que, gaireb\u00e9 com tots els eivissencs, es dedicaven al camp. La fam\u00edlia materna, per\u00f2, acumulava una fortuna important, ja que posse\u00efa la major part de les terres situades a l\u2019oest del poble, cap a ses Variades, que despr\u00e9s ell heretaria. Tamb\u00e9 va rebre altres propietats, com una parcel\u00b7la de regadiu as Broll de Buscastell, dins de la comunitat de regants que regeix aquest lloc, amb tres hores setmanals d\u2019aigua, que encara segueix en mans del seu net.<\/p>\n<p>Joan Pantaleoni va explicar que un avantpassat seu va ser elegit alcalde de Sant Antoni en el segle XIX i un oncle del seu g\u00fcelo, anomenat Pere Rosell\u00f3 Ribas (1870), que tamb\u00e9 es va criar a la mateixa finca, es va ordenar sacerdot i va allistar com a capell\u00e0 castrense, enrolant-se en la Guerra de Cuba. All\u00ed va ser condecorat i despr\u00e9s va tenir diverses destinacions, prenent part en la guerra del Marroc i aconseguint el grau de coronel. Solia estiuejar a l\u2019illa i es va construir una casa a l\u2019altura d\u2019on avui es situa el moll d\u2019abric del port de Sant Antoni.<\/p>\n<figure id=\"attachment_377\" aria-describedby=\"caption-attachment-377\" style=\"width: 800px\" class=\"wp-caption alignnone\"><a href=\"http:\/\/www.esnautic.com\/wp-content\/uploads\/2022\/05\/08-min.jpg\"><img decoding=\"async\" class=\"size-full wp-image-377\" src=\"http:\/\/www.esnautic.com\/wp-content\/uploads\/2022\/05\/08-min.jpg\" alt=\"\" width=\"800\" height=\"1034\" srcset=\"https:\/\/www.esnautic.com\/wp-content\/uploads\/2022\/05\/08-min.jpg 800w, https:\/\/www.esnautic.com\/wp-content\/uploads\/2022\/05\/08-min-232x300.jpg 232w, https:\/\/www.esnautic.com\/wp-content\/uploads\/2022\/05\/08-min-792x1024.jpg 792w, https:\/\/www.esnautic.com\/wp-content\/uploads\/2022\/05\/08-min-768x993.jpg 768w, https:\/\/www.esnautic.com\/wp-content\/uploads\/2022\/05\/08-min-750x969.jpg 750w\" sizes=\"(max-width: 800px) 100vw, 800px\" \/><\/a><figcaption id=\"caption-attachment-377\" class=\"wp-caption-text\">Pere Rosell\u00f3 Ribas, capell\u00e0 castrense. Va aconseguir el grau de coronel<\/figcaption><\/figure>\n<p>L\u2019origen del malnom del g\u00fcelo, segons va revelar Joan, t\u00e9 a veure amb la g\u00fcela d\u2019aquest, que es deia Mar\u00eda Cardona Ribas i procedia de Can Mosson. Pel que sembla, era una dona tremenda i aguerrida, la qual cosa va provocar que el seu malnom fos feminitzat, tal com ocorria a vegades a l\u2019illa amb les senyores de car\u00e0cter: <em>Mossona<\/em>. Tanta era la influ\u00e8ncia d\u2019aquella dona que Pep va heretar el seu malnom en comptes del Coix que li hauria tocat.<\/p>\n<p>De nen va cursar ensenyan\u00e7a prim\u00e0ria al poble i batxillerat a Eivissa ciutat, i es va casar als 20 anys amb Catalina Ribas Sala, de 18 anys, que procedia de Sant Josep i vestia de pagesa. Els va casar moss\u00e8nyer <em>Mico<\/em> i van tenir dos fills: Pere, nascut en 1924, i quatre anys despr\u00e9s va arribar Vicenta, mare de Joan Pantaleoni.<\/p>\n<figure id=\"attachment_378\" aria-describedby=\"caption-attachment-378\" style=\"width: 800px\" class=\"wp-caption alignnone\"><a href=\"http:\/\/www.esnautic.com\/wp-content\/uploads\/2022\/05\/10-min.jpg\"><img decoding=\"async\" class=\"size-full wp-image-378\" src=\"http:\/\/www.esnautic.com\/wp-content\/uploads\/2022\/05\/10-min.jpg\" alt=\"\" width=\"800\" height=\"966\" srcset=\"https:\/\/www.esnautic.com\/wp-content\/uploads\/2022\/05\/10-min.jpg 800w, https:\/\/www.esnautic.com\/wp-content\/uploads\/2022\/05\/10-min-248x300.jpg 248w, https:\/\/www.esnautic.com\/wp-content\/uploads\/2022\/05\/10-min-768x927.jpg 768w, https:\/\/www.esnautic.com\/wp-content\/uploads\/2022\/05\/10-min-750x906.jpg 750w\" sizes=\"(max-width: 800px) 100vw, 800px\" \/><\/a><figcaption id=\"caption-attachment-378\" class=\"wp-caption-text\">Catalina Ribas Sala, primera dona de Pep Rosell\u00f3<\/figcaption><\/figure>\n<p><strong>Primeres innovacions, negocis i pol\u00edtica<\/strong><\/p>\n<p>En 1927, amb nom\u00e9s 24 anys, Pep Rosell\u00f3 va ser, juntament amb un altre ve\u00ed, el primer en instal\u00b7lar al Pla un motor d\u2019extracci\u00f3 d\u2019aigua, amb un cabal de 28 metres c\u00fabics a l\u2019hora. El mec\u00e0nic d\u2019aquesta m\u00e0quina, per cert, era Blas Perell\u00f3, fundador del Portmany i faroner titular de ses Coves Blanques. Es va instal\u00b7lar a una horta molt pr\u00f2xima a l\u2019actual magatzem de la Cooperativa Agr\u00edcola, dins de la finca de Can Pere Coix. \u201cMentre els altres treien l\u2019aigua mitjan\u00e7ant s\u00ednies amb la mula tirant, ell ja anava a motor. Tenia grans idees i era un innovador\u201d, explica Joan Pantaleoni.<\/p>\n<figure id=\"attachment_379\" aria-describedby=\"caption-attachment-379\" style=\"width: 800px\" class=\"wp-caption alignnone\"><a href=\"http:\/\/www.esnautic.com\/wp-content\/uploads\/2022\/05\/13-min.jpg\"><img decoding=\"async\" class=\"size-full wp-image-379\" src=\"http:\/\/www.esnautic.com\/wp-content\/uploads\/2022\/05\/13-min.jpg\" alt=\"\" width=\"800\" height=\"599\" srcset=\"https:\/\/www.esnautic.com\/wp-content\/uploads\/2022\/05\/13-min.jpg 800w, https:\/\/www.esnautic.com\/wp-content\/uploads\/2022\/05\/13-min-300x225.jpg 300w, https:\/\/www.esnautic.com\/wp-content\/uploads\/2022\/05\/13-min-768x575.jpg 768w, https:\/\/www.esnautic.com\/wp-content\/uploads\/2022\/05\/13-min-750x562.jpg 750w\" sizes=\"(max-width: 800px) 100vw, 800px\" \/><\/a><figcaption id=\"caption-attachment-379\" class=\"wp-caption-text\">La major part de les terres situades a ponent del poble, fins a ses Variades, eren de Pep Rosell\u00f3<\/figcaption><\/figure>\n<p>Casat i amb un fill, Pep Rosell\u00f3 va iniciar uns estudis tamb\u00e9 ins\u00f2lits per a alg\u00fa d\u2019Eivissa. Va marxar a Val\u00e8ncia per a formar-se en viticultura a l\u2019Institut Enol\u00f2gic Industrial de Llevant, obtenint el t\u00edtol en 1927. Amb l\u2019apr\u00e8s sobre cultiu de la vinya i elaboraci\u00f3 del vi, va decidir sembrar una gran vinya prop del poble, a l\u2019oest d\u2019on s\u2019acabaria erigint l\u2019Hotel Portmany, prop del que ara \u00e9s la Pla\u00e7a d\u2019Espanya. La coneixia tothom com sa Vinya de na Mossona i complementava altres plantacions de vinya que existien a les propietats familiars.<\/p>\n<p>Al carrer Sant Agn\u00e8s, darrere el que seria l\u2019hotel Portmany, va instal\u00b7lar un gran celler dotat d\u2019unes cubes immenses de cer\u00e0mica i grans barriques per a madurar el vi. Va ser el primer a elaborar un producte de veritable qualitat a l\u2019illa, que superava de llarg al vi pag\u00e8s de l\u2019\u00e8poca. Pel que sembla, posse\u00efa quatre dip\u00f2sits de 3.000 litres i tot l\u2019equipament necessari, i viatjava sovint per a negociar l\u2019exportaci\u00f3 del seu vi, molt especialment a Alemanya. No obstant aix\u00f2, el crack del 29, generat per la caiguda de la borsa de Nova York, que va tenir greus repercussions mundials, va acabar fent malb\u00e9 aquest negoci. Joan Pantaleoni recorda escoltar explicar com una vegada el vi, al ser transportat a Barcelona, va arribar tot picat a port, provocant greus p\u00e8rdues al g\u00fcelo.<\/p>\n<p><a href=\"http:\/\/www.esnautic.com\/wp-content\/uploads\/2022\/05\/14-min.jpg\"><img decoding=\"async\" class=\"alignnone size-full wp-image-380\" src=\"http:\/\/www.esnautic.com\/wp-content\/uploads\/2022\/05\/14-min.jpg\" alt=\"\" width=\"800\" height=\"614\" srcset=\"https:\/\/www.esnautic.com\/wp-content\/uploads\/2022\/05\/14-min.jpg 800w, https:\/\/www.esnautic.com\/wp-content\/uploads\/2022\/05\/14-min-300x230.jpg 300w, https:\/\/www.esnautic.com\/wp-content\/uploads\/2022\/05\/14-min-768x589.jpg 768w, https:\/\/www.esnautic.com\/wp-content\/uploads\/2022\/05\/14-min-750x576.jpg 750w\" sizes=\"(max-width: 800px) 100vw, 800px\" \/><\/a><\/p>\n<p>Malgrat la seua joventut, els ve\u00efns el van nomenar president del Sindicat Agrari, instituci\u00f3 que despr\u00e9s va evolucionar a l\u2019actual Cooperativa Agr\u00edcola de Sant Antoni, en 1951, i tamb\u00e9 era membre de la junta directiva del Portmany. Encara que va finan\u00e7ar gran part d\u2019aquestes iniciatives i altres que desenvoluparia en el futur venent les seues propietats, tamb\u00e9 les va oferir en diverses ocasions a la comunitat. Per exemple, va cedir terres perqu\u00e8 es constru\u00eds un cam\u00ed des de la riba del port fins al far de ses Coves Blanques i tamb\u00e9 va permetre que el segon camp del Portmany, prop de la pla\u00e7a d\u2019Espanya, s\u2019instal\u00b7l\u00e9s a una de les seves parcel\u00b7les. Es va inaugurar en 1928.<\/p>\n<p>En 1931 va entrar com a regidor a l\u2019Ajuntament, dedicant-se a diferents tasques, com la Comissi\u00f3 d\u2019Hisenda, la policia municipal o el bon govern del consistori, i tamb\u00e9 va presentar la seua candidatura a jutge municipal, resultant triat. Al setembre de 1936, en plena Guerra Civil, va ser nomenat alcalde per la Comand\u00e0ncia Militar d\u2019Eivissa. Es va convertir, per\u00f2, en un dels batles m\u00e9s ef\u00edmers de la hist\u00f2ria eivissenca, ja que nom\u00e9s va romandre quinze dies en el c\u00e0rrec. Per motius que es desconeixen, el va substituir Josep Prats Colomar, <em>Bonet<\/em>. Joan t\u00e9 la teoria que es va veure obligat a acceptar el c\u00e0rrec, quan ell realment no el volia, i al final va poder renunciar. Les forces vives de la localitat, a m\u00e9s, van pressionar perqu\u00e8 <em>Bonet<\/em> acced\u00eds a la pla\u00e7a.<\/p>\n<figure id=\"attachment_381\" aria-describedby=\"caption-attachment-381\" style=\"width: 800px\" class=\"wp-caption alignnone\"><a href=\"http:\/\/www.esnautic.com\/wp-content\/uploads\/2022\/05\/18-min.jpg\"><img decoding=\"async\" class=\"size-full wp-image-381\" src=\"http:\/\/www.esnautic.com\/wp-content\/uploads\/2022\/05\/18-min.jpg\" alt=\"\" width=\"800\" height=\"547\" srcset=\"https:\/\/www.esnautic.com\/wp-content\/uploads\/2022\/05\/18-min.jpg 800w, https:\/\/www.esnautic.com\/wp-content\/uploads\/2022\/05\/18-min-300x205.jpg 300w, https:\/\/www.esnautic.com\/wp-content\/uploads\/2022\/05\/18-min-768x525.jpg 768w, https:\/\/www.esnautic.com\/wp-content\/uploads\/2022\/05\/18-min-750x513.jpg 750w\" sizes=\"(max-width: 800px) 100vw, 800px\" \/><\/a><figcaption id=\"caption-attachment-381\" class=\"wp-caption-text\">L\u2019Hotel Portmany, anys 30<\/figcaption><\/figure>\n<p><strong>Naixement de l\u2019Hotel Portmany<\/strong><\/p>\n<p>Al comen\u00e7ament dels anys trenta, Josep Rosell\u00f3 ja intu\u00efa el prometedor futur que aglutinava el turisme. Havia viatjat per Europa, pernoctat als millors hotels i parlava idiomes. Va decidir atreure turisme de qualitat a Sant Antoni, una idea que llavors constitu\u00efa una veritable utopia o fins i tot una bestiesa, segons innombrables parroquians que no tenien la seua visi\u00f3 de futur. A Mallorca el turisme havia comen\u00e7at t\u00edmidament a despuntar, per\u00f2 a Eivissa no existia.<\/p>\n<p>Sorprenentment, va planejar la seva construcci\u00f3 a una parcel\u00b7la \u00e0mplia, a la riba, enfront del moll dels pescadors, que nom\u00e9s era seua en part. Per\u00f2 ho volia exactament en aquest lloc, dins del poble, perqu\u00e8 per all\u00ed passejava tothom. Hi havia una casa de dues plantes que pertanyia a la seua finca i, al costat d\u2019ella, un altre habitatge d\u2019una fam\u00edlia de Sant Rafel. La va adquirir, igual que una altra propietat que pertanyia a un venedor de llanda i un altre domicili m\u00e9s: Can Xafarries. El solar gaireb\u00e9 tenia 1.200 metres quadrats.<\/p>\n<figure id=\"attachment_382\" aria-describedby=\"caption-attachment-382\" style=\"width: 800px\" class=\"wp-caption alignnone\"><a href=\"http:\/\/www.esnautic.com\/wp-content\/uploads\/2022\/05\/23-min.jpg\"><img decoding=\"async\" class=\"size-full wp-image-382\" src=\"http:\/\/www.esnautic.com\/wp-content\/uploads\/2022\/05\/23-min.jpg\" alt=\"\" width=\"800\" height=\"541\" srcset=\"https:\/\/www.esnautic.com\/wp-content\/uploads\/2022\/05\/23-min.jpg 800w, https:\/\/www.esnautic.com\/wp-content\/uploads\/2022\/05\/23-min-300x203.jpg 300w, https:\/\/www.esnautic.com\/wp-content\/uploads\/2022\/05\/23-min-768x519.jpg 768w, https:\/\/www.esnautic.com\/wp-content\/uploads\/2022\/05\/23-min-750x507.jpg 750w\" sizes=\"(max-width: 800px) 100vw, 800px\" \/><\/a><figcaption id=\"caption-attachment-382\" class=\"wp-caption-text\">Una taula de la terrassa coberta de l\u2019Hotel Portmany, amb el moll dels pescadors al capdavant<\/figcaption><\/figure>\n<p>Llavors a Sant Antoni nom\u00e9s existien la Fonda Esmeralda, al carrer Progr\u00e9s, i la Fonda Miramar, al Carrer Ample, destinades sobretot a p\u00fablic local i representants comercials. Iniciar un veritable projecte tur\u00edstic, amb l\u2019enorme inversi\u00f3 que requeria, era sens dubte una empresa molt arriscada. \u201cEn aquells temps, apostar amb menys de 30 anys per un hotel de luxe ve a ser el mateix que els que invertien en Google fa dues d\u00e8cades\u201d, explica Joan.<\/p>\n<p>L\u2019hotel va ser dotat d\u2019una superf\u00edcie constru\u00efda de 1.465 metres quadrats, repartits en tres plantes desiguals. La propietat confrontava al nord amb la fam\u00edlia de Can Bonet, els carrers Sant Mateu i Santa Agn\u00e8s als laterals, i la platja al capdavant. Les obres van comen\u00e7ar en 1931 i la seva obertura estava prevista pel 1932, encara que la construcci\u00f3 va sofrir un important retard. Els plans els havia esbossat pr\u00e8viament el mateix Pep Rosell\u00f3, fent-los realitat un enginyer ajudant d\u2019Obres P\u00fabliques que es deia Mart\u00ed Guasp. Tamb\u00e9 va exercir com a constructor de l\u2019hotel. Guasp era mallorqu\u00ed i havia arribat en la d\u00e8cada dels 20 procedent de Menorca, per supervisar la instal\u00b7laci\u00f3 de balises d\u2019ajuda a la navegaci\u00f3 als illots. Tamb\u00e9 va projectar edificis com el Club N\u00e1utico de Ibiza i va dirigir altres obres, com l\u2019escola de Sant Jordi de ses Salines.<\/p>\n<figure id=\"attachment_383\" aria-describedby=\"caption-attachment-383\" style=\"width: 800px\" class=\"wp-caption alignnone\"><a href=\"http:\/\/www.esnautic.com\/wp-content\/uploads\/2022\/05\/24-min.jpg\"><img decoding=\"async\" class=\"size-full wp-image-383\" src=\"http:\/\/www.esnautic.com\/wp-content\/uploads\/2022\/05\/24-min.jpg\" alt=\"\" width=\"800\" height=\"585\" srcset=\"https:\/\/www.esnautic.com\/wp-content\/uploads\/2022\/05\/24-min.jpg 800w, https:\/\/www.esnautic.com\/wp-content\/uploads\/2022\/05\/24-min-300x219.jpg 300w, https:\/\/www.esnautic.com\/wp-content\/uploads\/2022\/05\/24-min-768x562.jpg 768w, https:\/\/www.esnautic.com\/wp-content\/uploads\/2022\/05\/24-min-750x548.jpg 750w\" sizes=\"(max-width: 800px) 100vw, 800px\" \/><\/a><figcaption id=\"caption-attachment-383\" class=\"wp-caption-text\">El porxet i les palmeres de l\u2019Hotel Portmany. Anys 50<\/figcaption><\/figure>\n<p>La factura per la construcci\u00f3 va ascendir a unes 68.000 pessetes i la rapidesa amb qu\u00e8 van marxar les obres, malgrat els retards, sorprenien al poble, ja que per primera vegada les parets s\u2019erigien amb blocs de formig\u00f3 en lloc de pedra.<\/p>\n<p>Per a moblar dormitoris, salons i menjadors, es va rec\u00f3rrer a una f\u00e0brica de Val\u00e8ncia, amb mobles dissenyats expressament, inspirats en l\u2019estil renaixement mallorqu\u00ed. Encara es conserven alguns a la casa de Vicenta, la filla petita de Pep Rosell\u00f3 i mare de Joan Pantaleoni. Van arribar a l\u2019illa en la primavera de 1933.<\/p>\n<figure id=\"attachment_384\" aria-describedby=\"caption-attachment-384\" style=\"width: 800px\" class=\"wp-caption alignnone\"><a href=\"http:\/\/www.esnautic.com\/wp-content\/uploads\/2022\/05\/25-min.jpg\"><img decoding=\"async\" class=\"size-full wp-image-384\" src=\"http:\/\/www.esnautic.com\/wp-content\/uploads\/2022\/05\/25-min.jpg\" alt=\"\" width=\"800\" height=\"657\" srcset=\"https:\/\/www.esnautic.com\/wp-content\/uploads\/2022\/05\/25-min.jpg 800w, https:\/\/www.esnautic.com\/wp-content\/uploads\/2022\/05\/25-min-300x246.jpg 300w, https:\/\/www.esnautic.com\/wp-content\/uploads\/2022\/05\/25-min-768x631.jpg 768w, https:\/\/www.esnautic.com\/wp-content\/uploads\/2022\/05\/25-min-750x616.jpg 750w\" sizes=\"(max-width: 800px) 100vw, 800px\" \/><\/a><figcaption id=\"caption-attachment-384\" class=\"wp-caption-text\">Interior de l\u2019Hotel Portmany, amb el mobiliari original<\/figcaption><\/figure>\n<p>A baix hi havia un ampli vest\u00edbul i tamb\u00e9 es situaven el despatx del director, un gran menjador amb vista a la mar, la terrassa coberta, una sala de lectura, un bar d\u2019estil americ\u00e0, l\u2019escala d\u2019acc\u00e9s als pisos superiors, un menjador auxiliar i la cuina, que tenia cambres frigor\u00edfiques, celler i office. A m\u00e9s, a la part que donava al carrer Sant Agn\u00e8s estava la f\u00e0brica de gel, la primera que va existir a Sant Antoni i que proporcionava servei a tot el poble, aix\u00ed com l\u2019economat i un garatge on es va instal\u00b7lar el generador que proporcionava electricitat.<\/p>\n<figure id=\"attachment_385\" aria-describedby=\"caption-attachment-385\" style=\"width: 800px\" class=\"wp-caption alignnone\"><a href=\"http:\/\/www.esnautic.com\/wp-content\/uploads\/2022\/05\/19-min.jpg\"><img decoding=\"async\" class=\"size-full wp-image-385\" src=\"http:\/\/www.esnautic.com\/wp-content\/uploads\/2022\/05\/19-min.jpg\" alt=\"\" width=\"800\" height=\"499\" srcset=\"https:\/\/www.esnautic.com\/wp-content\/uploads\/2022\/05\/19-min.jpg 800w, https:\/\/www.esnautic.com\/wp-content\/uploads\/2022\/05\/19-min-300x187.jpg 300w, https:\/\/www.esnautic.com\/wp-content\/uploads\/2022\/05\/19-min-768x479.jpg 768w, https:\/\/www.esnautic.com\/wp-content\/uploads\/2022\/05\/19-min-750x468.jpg 750w\" sizes=\"(max-width: 800px) 100vw, 800px\" \/><\/a><figcaption id=\"caption-attachment-385\" class=\"wp-caption-text\">Un dels salons interiors de l\u2019Hotel Portmany en els seus primers anys<\/figcaption><\/figure>\n<p>Als pisos superiors hi havia les habitacions, amb el mobiliari de tipus mallorqu\u00ed, les parets decorades amb estuc, calefacci\u00f3 central, radiadors de ferro i totes les comoditats. Eren 24 habitacions, gaireb\u00e9 totes amb dos llits, armari, taula, butaca i tauletes de nit. A la planta alta, al costat que donava al carrer Sant Agn\u00e8s, existia una gran terrassa que oferia una panor\u00e0mica de tota la badia de Portmany. S\u2019utilitzava com a menjador d\u2019estiu i tamb\u00e9 com a marc per a reunions, balls\u2026<\/p>\n<p><strong>Obertura de l\u2019Hotel Portmany i turisme actiu<\/strong><\/p>\n<p>La inauguraci\u00f3 per fi va tenir lloc el 12 de juliol de 1933, despr\u00e9s del Buenavista de Santa Eul\u00e0ria i el Gran Hotel d\u2019Eivissa, i una mica abans de l\u2019Illa Blanca. Entre tots sumaven 300 places. Aquella tarda es va convidar a tot el poble a un berenar. \u201cEl g\u00fcelo va voler compartir amb els ve\u00efns l\u2019alegria de la posada en marxa del nou negoci\u201d, explica Joan.<\/p>\n<figure id=\"attachment_386\" aria-describedby=\"caption-attachment-386\" style=\"width: 800px\" class=\"wp-caption alignnone\"><a href=\"http:\/\/www.esnautic.com\/wp-content\/uploads\/2022\/05\/20-min.jpg\"><img decoding=\"async\" class=\"size-full wp-image-386\" src=\"http:\/\/www.esnautic.com\/wp-content\/uploads\/2022\/05\/20-min.jpg\" alt=\"\" width=\"800\" height=\"827\" srcset=\"https:\/\/www.esnautic.com\/wp-content\/uploads\/2022\/05\/20-min.jpg 800w, https:\/\/www.esnautic.com\/wp-content\/uploads\/2022\/05\/20-min-290x300.jpg 290w, https:\/\/www.esnautic.com\/wp-content\/uploads\/2022\/05\/20-min-768x794.jpg 768w, https:\/\/www.esnautic.com\/wp-content\/uploads\/2022\/05\/20-min-750x775.jpg 750w\" sizes=\"(max-width: 800px) 100vw, 800px\" \/><\/a><figcaption id=\"caption-attachment-386\" class=\"wp-caption-text\">Anunci publicat a la premsa eivissenca sobre l\u2019obertura de l\u2019Hotel Portmany<\/figcaption><\/figure>\n<p>Despr\u00e9s, ja a la nit, es va celebrar un sopar inaugural, al qual van assistir les principals autoritats de l\u2019illa, com els alcaldes de Sant Antoni i Vila, el jutge de primera inst\u00e0ncia, diversos regidors, presidents d\u2019associacions culturals, etc\u00e8tera. Tamb\u00e9 il\u00b7lustres ve\u00efns i la comunitat d\u2019estrangers, entre els quals pel que sembla estava l\u2019escriptor alemany Walter Benjamin i els seus amfitrions a l\u2019illa, la fam\u00edlia Noeggerath. Pep coneixia a Benjamin d\u2019aquell estiu i l\u2019anterior, i l\u2019assagista i literat fins i tot el va convertir en protagonista d\u2019un relat anomenat \u2018Una tarda de viatge\u2019, en el qual apareix \u201cDon Rosell\u00f3\u201d, a qui Benjamin descriu com la persona m\u00e9s rica del poble, que pretenia el progr\u00e9s de la localitat.<\/p>\n<p>Felip Cirer revela en el llibre que l\u2019alcalde de Sant Antoni, Vicent Costa Ferrer, <em>Rova<\/em>, va pronunciar un discurs inaugural en el qual ja afirmava que aquest establiment \u201cpodr\u00e0 acollir en aquest pintoresc poble al turista distingit, de qualitat i que sigui al mateix temps respectu\u00f3s amb els costums locals\u201d. Sorpr\u00e8n la semblan\u00e7a dels seus anhels respecte als que es tenen avui dia.<\/p>\n<figure id=\"attachment_387\" aria-describedby=\"caption-attachment-387\" style=\"width: 800px\" class=\"wp-caption alignnone\"><a href=\"http:\/\/www.esnautic.com\/wp-content\/uploads\/2022\/05\/21-min.jpg\"><img decoding=\"async\" class=\"size-full wp-image-387\" src=\"http:\/\/www.esnautic.com\/wp-content\/uploads\/2022\/05\/21-min.jpg\" alt=\"\" width=\"800\" height=\"567\" srcset=\"https:\/\/www.esnautic.com\/wp-content\/uploads\/2022\/05\/21-min.jpg 800w, https:\/\/www.esnautic.com\/wp-content\/uploads\/2022\/05\/21-min-300x213.jpg 300w, https:\/\/www.esnautic.com\/wp-content\/uploads\/2022\/05\/21-min-768x544.jpg 768w, https:\/\/www.esnautic.com\/wp-content\/uploads\/2022\/05\/21-min-120x86.jpg 120w, https:\/\/www.esnautic.com\/wp-content\/uploads\/2022\/05\/21-min-750x532.jpg 750w\" sizes=\"(max-width: 800px) 100vw, 800px\" \/><\/a><figcaption id=\"caption-attachment-387\" class=\"wp-caption-text\">Terrassa coberta de l\u2019Hotel Portmany<\/figcaption><\/figure>\n<p>El men\u00fa que es va servir als convidats va ser aquest: vermut, canap\u00e8s Portmany, crema de gallina, llagosta a l\u2019estil rus, vedella a l\u2019estil Careme, pollastre al forn, amanida verda, bescuit de vainilla, gelat de xocolata i fruita. Durant el sopar va actuar l\u2019orquestra Eivissa-Jazz i despr\u00e9s va haver-hi ball fins a la matinada. Llavors els convidats arribats de la ciutat van marxar en el mateix mitj\u00e0 amb el qual havien arribat: un autob\u00fas contractat especialment per a l\u2019ocasi\u00f3.<\/p>\n<p>La gran singularitat de l\u2019Hotel Portmany, a m\u00e9s de les seves luxoses instal\u00b7lacions, era la gesti\u00f3 professional i els serveis que s\u2019oferien. Aquestes caracter\u00edstiques, i la promoci\u00f3 que realitzava Pep Rosell\u00f3 en els seus viatges, atreien turistes europeus d\u2019alt poder adquisitiu. Per a atendre\u2019ls, com ell no sempre podia fer-ho personalment, contractava estrangers, que era una cosa ins\u00f2lita en l\u2019\u00e8poca. Els seus homes de confian\u00e7a eren Wilhelm Heizmann com a gerent i Ernst P. Retze com a administrador, tots dos amb experi\u00e8ncia en el negoci tur\u00edstic. La cuina constitu\u00efa un element essencial i per all\u00ed van passar molts cuiners d\u2019alt nivell, com un catal\u00e0 anomenat Rosendo o Pitango, que despr\u00e9s obriria el seu propi restaurant al poble. Des de 1934, la governanta era Manuela Moreno, que tamb\u00e9 exercia com a cap de personal en abs\u00e8ncia de Rosell\u00f3.<\/p>\n<figure id=\"attachment_388\" aria-describedby=\"caption-attachment-388\" style=\"width: 800px\" class=\"wp-caption alignnone\"><a href=\"http:\/\/www.esnautic.com\/wp-content\/uploads\/2022\/05\/26-min.jpg\"><img decoding=\"async\" class=\"size-full wp-image-388\" src=\"http:\/\/www.esnautic.com\/wp-content\/uploads\/2022\/05\/26-min.jpg\" alt=\"\" width=\"800\" height=\"517\" srcset=\"https:\/\/www.esnautic.com\/wp-content\/uploads\/2022\/05\/26-min.jpg 800w, https:\/\/www.esnautic.com\/wp-content\/uploads\/2022\/05\/26-min-300x194.jpg 300w, https:\/\/www.esnautic.com\/wp-content\/uploads\/2022\/05\/26-min-768x496.jpg 768w, https:\/\/www.esnautic.com\/wp-content\/uploads\/2022\/05\/26-min-750x485.jpg 750w\" sizes=\"(max-width: 800px) 100vw, 800px\" \/><\/a><figcaption id=\"caption-attachment-388\" class=\"wp-caption-text\">Camioneta de nou places de l\u2019Hotel Portmany<\/figcaption><\/figure>\n<p>L\u2019Hotel fins i tot comptava amb una petita furgoneta de nou places per a traslladar als hostes al port i portar-los d\u2019excursi\u00f3 a ses Salines, Santa Eul\u00e0ria o la ciutat. Amb el temps es va adquirir tamb\u00e9 un autob\u00fas per a m\u00e9s de trenta passatgers, que pilotava Toni Torreta. Aquest mitj\u00e0 de locomoci\u00f3, per cert, portava als jugadors del Portmany quan havia partit fora del poble. Fins i tot disposava d\u2019una calesa de molls tirada per un cavall per a passejar als hostes per la rodalia i una barca de motor per a excursions mar\u00edtimes a Cala Bassa i altres llocs, on s\u2019emportaven p\u00edcnic pels clients. Passar el dia a la platja, amb menjar fred i sopar a la volta costava 11 pessetes. Aquesta mateixa barca es va emprar per al contraban algunes vegades. Es movia tabac, mitges i coses per l\u2019estil. L\u2019hotel fins i tot tenia un viver de llagostes a la mar, prop del moll de pescadors. Si un client demanava llagosta, algun cambrer agafava la barca a rems i acudia per una.<\/p>\n<p>A l\u2019any d\u2019obrir, es va construir una pista de tennis per als clients, prop de la Pla\u00e7a d\u2019Espanya i fins i tot van acudir tennistes famosos a inaugurar-la. Es cobrava a pesseta l\u2019hora i les classes les proporcionava l\u2019administrador, Ernest P. Retze. Una vegada a la setmana tamb\u00e9 hi havia concert de l\u2019orquestra Eivissa-Jazz. A aquestes festes no sols acudien els hostes, sin\u00f3 bona part de la col\u00f2nia estrangera.<\/p>\n<figure id=\"attachment_389\" aria-describedby=\"caption-attachment-389\" style=\"width: 800px\" class=\"wp-caption alignnone\"><a href=\"http:\/\/www.esnautic.com\/wp-content\/uploads\/2022\/05\/43-min.jpg\"><img decoding=\"async\" class=\"size-full wp-image-389\" src=\"http:\/\/www.esnautic.com\/wp-content\/uploads\/2022\/05\/43-min.jpg\" alt=\"\" width=\"800\" height=\"501\" srcset=\"https:\/\/www.esnautic.com\/wp-content\/uploads\/2022\/05\/43-min.jpg 800w, https:\/\/www.esnautic.com\/wp-content\/uploads\/2022\/05\/43-min-300x188.jpg 300w, https:\/\/www.esnautic.com\/wp-content\/uploads\/2022\/05\/43-min-768x481.jpg 768w, https:\/\/www.esnautic.com\/wp-content\/uploads\/2022\/05\/43-min-750x470.jpg 750w\" sizes=\"(max-width: 800px) 100vw, 800px\" \/><\/a><figcaption id=\"caption-attachment-389\" class=\"wp-caption-text\">Una altra imatge presa des de la terrassa de l\u2019Hotel Portmany<\/figcaption><\/figure>\n<p>Com era el millor hotel de Sant Antoni, moltes parelles de nuvis el triaven per a passar la lluna de mel i al seu menjador es van celebrar infinitat de noces. Els balls de cap d\u2019any eren els m\u00e9s importants del poble. Els grans militars i empresaris que visitaven Eivissa en aquells anys trenta tamb\u00e9 passaven pel Portmany, b\u00e9 allotjant-se o gaudint d\u2019un menjar, amb Pep exercint sempre com a espl\u00e8ndid amfitri\u00f3.<\/p>\n<p>El personal dormia a l\u2019altre costat del carrer Santa Agn\u00e8s,en unes habitacions fetes de fusta, situades a una altra propietat familiar on ara es situa el Bar Simple. La fam\u00edlia vivia al propi hotel, a un habitatge que tamb\u00e9 donava a Santa Agn\u00e8s, encara que durant la Guerra Civil, Catalina i els seus dos fills es van traslladar a Dalt Vila.<\/p>\n<figure id=\"attachment_390\" aria-describedby=\"caption-attachment-390\" style=\"width: 800px\" class=\"wp-caption alignnone\"><a href=\"http:\/\/www.esnautic.com\/wp-content\/uploads\/2022\/05\/31-min.jpg\"><img decoding=\"async\" class=\"size-full wp-image-390\" src=\"http:\/\/www.esnautic.com\/wp-content\/uploads\/2022\/05\/31-min.jpg\" alt=\"\" width=\"800\" height=\"461\" srcset=\"https:\/\/www.esnautic.com\/wp-content\/uploads\/2022\/05\/31-min.jpg 800w, https:\/\/www.esnautic.com\/wp-content\/uploads\/2022\/05\/31-min-300x173.jpg 300w, https:\/\/www.esnautic.com\/wp-content\/uploads\/2022\/05\/31-min-768x443.jpg 768w, https:\/\/www.esnautic.com\/wp-content\/uploads\/2022\/05\/31-min-750x432.jpg 750w\" sizes=\"(max-width: 800px) 100vw, 800px\" \/><\/a><figcaption id=\"caption-attachment-390\" class=\"wp-caption-text\">A baix a la dreta, anunci de l\u2019Hotel Portmany a La Vanguardia de Barcelona (1945)<\/figcaption><\/figure>\n<p>Quan va obrir l\u2019Hotel Portmany, la promoci\u00f3 tur\u00edstica d\u2019Eivissa era inexistent i aquesta va ser una de les grans innovacions de Rosell\u00f3. Francesos i italians portaven una gran davantera als espanyols i, a m\u00e9s, no es tallaven a menysprear al nostre pa\u00eds. Pep va continuar viatjant per tota Europa per a promocionar l\u2019hotel, invertint grans quantitats de diners. Ja en 1933, va fer amistat amb Bernard Townsend, director de l\u2019ag\u00e8ncia Wagons-Lits Cook a Palma, que li va insistir que invert\u00eds en publicitat sobre l\u2019illa tot el que pogu\u00e9s. Llavors, Eivissa continuava sent un lloc totalment desconegut, fins i tot entre els professionals tur\u00edstics. Encara que va haver-hi un intent d\u2019establir un Foment del Turisme de Sant Antoni, aquest va quedar paralitzat per la guerra.<\/p>\n<p><strong>Guerra, reforma i promoci\u00f3 tur\u00edstica<\/strong><\/p>\n<p>Amb la Guerra Civil es va produir una aturada absoluta de l\u2019activitat tur\u00edstica a l\u2019illa. Els hotels d\u2019Eivissa ciutat van tancar i van ser ocupats per militars. Tamb\u00e9 l\u2019Hotel Portmany, que per un breu per\u00edode de temps va exercir com a seu de l\u2019ex\u00e8rcit nacional. Els subministraments, a causa de la suspensi\u00f3 de la regularitat en el transport mar\u00edtim, arribaven amb extrema dificultat o no ho feien. L\u2019Hotel Portmany va tractar de continuar obert, especialitzant-se en l\u2019oferta de noces i altres celebracions, com les jures de bandera que tenien lloc al destacament de Sant Antoni o cerim\u00f2nies de lliurament de premis esportius.<\/p>\n<figure id=\"attachment_391\" aria-describedby=\"caption-attachment-391\" style=\"width: 800px\" class=\"wp-caption alignnone\"><a href=\"http:\/\/www.esnautic.com\/wp-content\/uploads\/2022\/05\/30-min.jpg\"><img decoding=\"async\" class=\"size-full wp-image-391\" src=\"http:\/\/www.esnautic.com\/wp-content\/uploads\/2022\/05\/30-min.jpg\" alt=\"\" width=\"800\" height=\"1424\" srcset=\"https:\/\/www.esnautic.com\/wp-content\/uploads\/2022\/05\/30-min.jpg 800w, https:\/\/www.esnautic.com\/wp-content\/uploads\/2022\/05\/30-min-169x300.jpg 169w, https:\/\/www.esnautic.com\/wp-content\/uploads\/2022\/05\/30-min-575x1024.jpg 575w, https:\/\/www.esnautic.com\/wp-content\/uploads\/2022\/05\/30-min-768x1367.jpg 768w, https:\/\/www.esnautic.com\/wp-content\/uploads\/2022\/05\/30-min-750x1335.jpg 750w\" sizes=\"(max-width: 800px) 100vw, 800px\" \/><\/a><figcaption id=\"caption-attachment-391\" class=\"wp-caption-text\">Portada d\u2019un fullet de l\u2019Hotel Portmany<\/figcaption><\/figure>\n<p>Pep Rosell\u00f3 era inassequible al des\u00e0nim i va continuar promocionant aquest dest\u00ed pel seu compte. En els quaranta publicava anuncis a La Vanguardia de Barcelona a pesar que el vaixell de l\u00ednia amb aquesta ciutat s\u2019havia susp\u00e8s i els catalans que volien visitar Eivissa havien de fer escala a Mallorca i all\u00ed canviar de embarcaci\u00f3. Durant aquests anys dif\u00edcils de la postguerra, Pep na Mossona va ser l\u2019\u00fanic que realment va promocionar Eivissa a l\u2019exterior.<\/p>\n<p>A partir de la segona meitat de la d\u00e8cada dels quaranta, ja finalitzada la II Guerra Mundial, van comen\u00e7ar a tornar els turistes a Sant Antoni, encara que amb comptagotes. En els 50 el turisme ja continuava incrementant-se a l\u2019illa i Pep Rosell\u00f3 va decidir adquirir uns corrals lim\u00edtrofs per a ampliar l\u2019establiment. Es va afegir una \u00faltima planta a la zona de la terrassa superior, aix\u00ed com noves habitacions, bugaderia i sala de planxa.<\/p>\n<figure id=\"attachment_392\" aria-describedby=\"caption-attachment-392\" style=\"width: 800px\" class=\"wp-caption alignnone\"><a href=\"http:\/\/www.esnautic.com\/wp-content\/uploads\/2022\/05\/27-min.jpg\"><img decoding=\"async\" class=\"size-full wp-image-392\" src=\"http:\/\/www.esnautic.com\/wp-content\/uploads\/2022\/05\/27-min.jpg\" alt=\"\" width=\"800\" height=\"502\" srcset=\"https:\/\/www.esnautic.com\/wp-content\/uploads\/2022\/05\/27-min.jpg 800w, https:\/\/www.esnautic.com\/wp-content\/uploads\/2022\/05\/27-min-300x188.jpg 300w, https:\/\/www.esnautic.com\/wp-content\/uploads\/2022\/05\/27-min-768x482.jpg 768w, https:\/\/www.esnautic.com\/wp-content\/uploads\/2022\/05\/27-min-750x471.jpg 750w\" sizes=\"(max-width: 800px) 100vw, 800px\" \/><\/a><figcaption id=\"caption-attachment-392\" class=\"wp-caption-text\">En aquesta imatge, a la part esquerra de l\u2019hotel, pot observar-se l\u2019ampliaci\u00f3 sobre la terrassa descoberta<\/figcaption><\/figure>\n<p>Seguint amb aquesta labor continuada de promoci\u00f3, tamb\u00e9 es va fer soci del Skal Club, un col\u00b7lectiu integrat per empresaris i professionals tur\u00edstics, accedint a la delegaci\u00f3 de Palma en els anys 50. A partir de llavors, va participar en nombrosos congressos i trobades, rebent sovint al seu hotel a associats de tota Europa. A la fi dels 60 es va posar en marxa l\u2019Skal Club d\u2019Eivissa, de la m\u00e0 de Jordi Matesanz, de l\u2019Hotel Palmyra, i Pepe Colomar, del Fen\u00edcia de Santa Eul\u00e0ria. Una de les seues primeres accions va ser rendir homenatge a Pep Rosell\u00f3 pel seu car\u00e0cter emprenedor i pioner, i per la seua labor de promoci\u00f3 d\u2019Eivissa.<\/p>\n<figure id=\"attachment_393\" aria-describedby=\"caption-attachment-393\" style=\"width: 800px\" class=\"wp-caption alignnone\"><a href=\"http:\/\/www.esnautic.com\/wp-content\/uploads\/2022\/05\/32-min.jpg\"><img decoding=\"async\" class=\"size-full wp-image-393\" src=\"http:\/\/www.esnautic.com\/wp-content\/uploads\/2022\/05\/32-min.jpg\" alt=\"\" width=\"800\" height=\"646\" srcset=\"https:\/\/www.esnautic.com\/wp-content\/uploads\/2022\/05\/32-min.jpg 800w, https:\/\/www.esnautic.com\/wp-content\/uploads\/2022\/05\/32-min-300x242.jpg 300w, https:\/\/www.esnautic.com\/wp-content\/uploads\/2022\/05\/32-min-768x620.jpg 768w, https:\/\/www.esnautic.com\/wp-content\/uploads\/2022\/05\/32-min-750x606.jpg 750w\" sizes=\"(max-width: 800px) 100vw, 800px\" \/><\/a><figcaption id=\"caption-attachment-393\" class=\"wp-caption-text\">Carnet de membre del Skal Club, de Pep Rosell\u00f3<\/figcaption><\/figure>\n<p><em>Pep de na Mossona<\/em>, a m\u00e9s, va ser un avan\u00e7at en q\u00fcesti\u00f3 sentimental, ja que es va convertir en un dels pocs homes que es van separar i ajuntar amb una altra dona. En aquest cas, \u00c1ngels Tey, una pintora catalana que va romandre al seu costat molts anys a Eivissa.<\/p>\n<figure id=\"attachment_394\" aria-describedby=\"caption-attachment-394\" style=\"width: 800px\" class=\"wp-caption alignnone\"><a href=\"http:\/\/www.esnautic.com\/wp-content\/uploads\/2022\/05\/33-min.jpg\"><img decoding=\"async\" class=\"size-full wp-image-394\" src=\"http:\/\/www.esnautic.com\/wp-content\/uploads\/2022\/05\/33-min.jpg\" alt=\"\" width=\"800\" height=\"456\" srcset=\"https:\/\/www.esnautic.com\/wp-content\/uploads\/2022\/05\/33-min.jpg 800w, https:\/\/www.esnautic.com\/wp-content\/uploads\/2022\/05\/33-min-300x171.jpg 300w, https:\/\/www.esnautic.com\/wp-content\/uploads\/2022\/05\/33-min-768x438.jpg 768w, https:\/\/www.esnautic.com\/wp-content\/uploads\/2022\/05\/33-min-750x428.jpg 750w\" sizes=\"(max-width: 800px) 100vw, 800px\" \/><\/a><figcaption id=\"caption-attachment-394\" class=\"wp-caption-text\">\u00c0ngels Tey i Pep Rosell\u00f3, durant un viatge per Europa<\/figcaption><\/figure>\n<p><strong>Altres hotels i m\u00e9s negocis<\/strong><\/p>\n<p>Una de les grans operacions immobili\u00e0ries de Pep Rosell\u00f3 va ser l\u2019adquisici\u00f3 d\u2019una gran finca, d\u2019al voltant d\u2019un mili\u00f3 de metres quadrats, a Cala Bassa. La hi va comprar a un familiar i anys despr\u00e9s va acabar venent-la-hi a l\u2019empresari Miguel Sans Mora, comodor del Real Club N\u00e0utic de Barcelona, que freq\u00fcentava la badia amb assidu\u00eftat a bord dels seus iots, el Concha I i el Altair.<\/p>\n<figure id=\"attachment_395\" aria-describedby=\"caption-attachment-395\" style=\"width: 800px\" class=\"wp-caption alignnone\"><a href=\"http:\/\/www.esnautic.com\/wp-content\/uploads\/2022\/05\/29-min.jpg\"><img decoding=\"async\" class=\"size-full wp-image-395\" src=\"http:\/\/www.esnautic.com\/wp-content\/uploads\/2022\/05\/29-min.jpg\" alt=\"\" width=\"800\" height=\"549\" srcset=\"https:\/\/www.esnautic.com\/wp-content\/uploads\/2022\/05\/29-min.jpg 800w, https:\/\/www.esnautic.com\/wp-content\/uploads\/2022\/05\/29-min-300x206.jpg 300w, https:\/\/www.esnautic.com\/wp-content\/uploads\/2022\/05\/29-min-768x527.jpg 768w, https:\/\/www.esnautic.com\/wp-content\/uploads\/2022\/05\/29-min-750x515.jpg 750w\" sizes=\"(max-width: 800px) 100vw, 800px\" \/><\/a><figcaption id=\"caption-attachment-395\" class=\"wp-caption-text\">Pep Rosell\u00f3, entre el cr\u00edtic cinematogr\u00e0fic Fernando-Guillermo de Castro i el novel\u00b7lista i guionista Rafael Azcona<\/figcaption><\/figure>\n<p>En els anys 50, Pep Rosell\u00f3 va adquirir la pensi\u00f3 Parador Playa, que explotava la fam\u00edlia Hanauer. Felip Cirer explica en el llibre de l\u2019Hotel Portmany que aquest petit complex el va construir un presumpte espia alemany, que treballava al servei del III Reich, espiant als jueus establerts a Eivissa i a altres alemanys que no combregaven amb la ideologia nazi. Es deia German von Wenckstern i tamb\u00e9 va assistir a la inauguraci\u00f3 de l\u2019Hotel Portmany amb la col\u00f2nia d\u2019estrangers residents a aquesta zona. Despr\u00e9s va marxar a la guerra i aqu\u00ed es van instal\u00b7lar els Hanauer, llogant l\u2019immoble despr\u00e9s de desprendre\u2019s del restaurant Ca n\u2019Alfredo. Aqu\u00ed es traslladaria a viure Pep amb la nova companya, \u00c0ngels Tey, convertint-ho en part a la seua casa, mentre la resta seguia com a hotel.<\/p>\n<figure id=\"attachment_396\" aria-describedby=\"caption-attachment-396\" style=\"width: 800px\" class=\"wp-caption alignnone\"><a href=\"http:\/\/www.esnautic.com\/wp-content\/uploads\/2022\/05\/38-min.jpg\"><img decoding=\"async\" class=\"size-full wp-image-396\" src=\"http:\/\/www.esnautic.com\/wp-content\/uploads\/2022\/05\/38-min.jpg\" alt=\"\" width=\"800\" height=\"496\" srcset=\"https:\/\/www.esnautic.com\/wp-content\/uploads\/2022\/05\/38-min.jpg 800w, https:\/\/www.esnautic.com\/wp-content\/uploads\/2022\/05\/38-min-300x186.jpg 300w, https:\/\/www.esnautic.com\/wp-content\/uploads\/2022\/05\/38-min-768x476.jpg 768w, https:\/\/www.esnautic.com\/wp-content\/uploads\/2022\/05\/38-min-750x465.jpg 750w\" sizes=\"(max-width: 800px) 100vw, 800px\" \/><\/a><figcaption id=\"caption-attachment-396\" class=\"wp-caption-text\">La badia, des de l\u2019Hotel Parador Playa<\/figcaption><\/figure>\n<p>Una de les grans empreses que Pep Rosell\u00f3 no va poder portar endavant va ser la construcci\u00f3 d\u2019un ambici\u00f3s club de vacances en sa Punta des Mol\u00ed, que diferia radicalment de les construccions hoteleres que es realitzarien posteriorment, ja que era un hotel que no superava les dos altures. La iniciativa es va desenvolupar al llarg dels anys 50 i 60 i, per a aix\u00f2, Pep de na Mossona va adquirir els terrenys a la fam\u00edlia Var\u00f3, als quals va construir un habitatge com a part de l\u2019acord.<\/p>\n<p>Al final, es va quedar sense fons i no va poder fer realitat aquesta idea. Eren unes instal\u00b7lacions molt avan\u00e7ades, amb \u00e0mplies zones verdes, piscina i una construcci\u00f3 de menor impacte. \u201cSi s\u2019hagu\u00e9s fet hauria estat espectacular i hauria canviat Sant Antoni. En comptes de cr\u00e9ixer en altura ho hauria fet d\u2019una altra manera\u201d, explica Joan.<\/p>\n<figure id=\"attachment_397\" aria-describedby=\"caption-attachment-397\" style=\"width: 800px\" class=\"wp-caption alignnone\"><a href=\"http:\/\/www.esnautic.com\/wp-content\/uploads\/2022\/05\/40-min.jpg\"><img decoding=\"async\" class=\"size-full wp-image-397\" src=\"http:\/\/www.esnautic.com\/wp-content\/uploads\/2022\/05\/40-min.jpg\" alt=\"\" width=\"800\" height=\"485\" srcset=\"https:\/\/www.esnautic.com\/wp-content\/uploads\/2022\/05\/40-min.jpg 800w, https:\/\/www.esnautic.com\/wp-content\/uploads\/2022\/05\/40-min-300x182.jpg 300w, https:\/\/www.esnautic.com\/wp-content\/uploads\/2022\/05\/40-min-768x466.jpg 768w, https:\/\/www.esnautic.com\/wp-content\/uploads\/2022\/05\/40-min-750x455.jpg 750w\" sizes=\"(max-width: 800px) 100vw, 800px\" \/><\/a><figcaption id=\"caption-attachment-397\" class=\"wp-caption-text\">Projecte per a un club de vacances a sa Punta des Mol\u00ed, que volia impulsar Pep Rosell\u00f3<\/figcaption><\/figure>\n<p>El net de <em>Pep de na Mossona<\/em> afegeix que entre els papers del g\u00fcelo va trobar documentaci\u00f3 de finals dels anys seixanta, on ell ja es queixava del soroll del Nito\u2019s, la discoteca ve\u00efna, i anunciava d\u2019alguna forma el creixement del West i que l\u2019esc\u00e0ndol que es produ\u00efa durant la matinada acabaria sent perjudicial per a la localitat.<\/p>\n<p><strong>Tercera generaci\u00f3 al capdavant de l\u2019hotel<\/strong><\/p>\n<p>Joan Pantaleoni va n\u00e9ixer en 1961 i era encara molt jove quan el seu avi va morir. En aquests \u00faltims anys de vida, residia a l\u2019hotel amb \u00c1ngels Tey i Joan el recorda malalt, al llit, fins que va morir. Aquell dia, estava a un campament d\u2019estiu, d\u2019aquests que organitzaven <em>Ton\u00eds<\/em> i Mari\u00e0 <em>Rafal<\/em>, i la mare va anar a recollir-lo per portar-lo al funeral. Es recorda del ta\u00fct a la recepci\u00f3 de l\u2019hotel, de la gent que acudia a donar el condol i de com, en sortir fora, es posaven a xerrar i riure com si all\u00ed no hagu\u00e9s passat res. A ell li va semblar una actitud molt hip\u00f2crita. La mare, Vicenta, sempre li ha transm\u00e8s orgull per ell. \u201cEra un home de grans idees, encara que amb una personalitat molt inquieta. Quan desenvolupava un projecte de seguida es cansava d\u2019ell i havia de posar en marxa un altre\u201d, apunta.<\/p>\n<figure id=\"attachment_398\" aria-describedby=\"caption-attachment-398\" style=\"width: 800px\" class=\"wp-caption alignnone\"><a href=\"http:\/\/www.esnautic.com\/wp-content\/uploads\/2022\/05\/34-min.jpg\"><img decoding=\"async\" class=\"size-full wp-image-398\" src=\"http:\/\/www.esnautic.com\/wp-content\/uploads\/2022\/05\/34-min.jpg\" alt=\"\" width=\"800\" height=\"524\" srcset=\"https:\/\/www.esnautic.com\/wp-content\/uploads\/2022\/05\/34-min.jpg 800w, https:\/\/www.esnautic.com\/wp-content\/uploads\/2022\/05\/34-min-300x197.jpg 300w, https:\/\/www.esnautic.com\/wp-content\/uploads\/2022\/05\/34-min-768x503.jpg 768w, https:\/\/www.esnautic.com\/wp-content\/uploads\/2022\/05\/34-min-750x491.jpg 750w\" sizes=\"(max-width: 800px) 100vw, 800px\" \/><\/a><figcaption id=\"caption-attachment-398\" class=\"wp-caption-text\">Pep Rosell\u00f3 i \u00c0ngels Tey<\/figcaption><\/figure>\n<p>Pep Rosell\u00f3 va morir en 1977 i dos anys despr\u00e9s, en 1979, la v\u00eddua, Catalina Ribas, i els seus fills, van decidir llogar l\u2019Hotel Portmany a Antoni Costa Bonet, <em>Toni Pere<\/em>, per un per\u00edode de deu anys. Aquest tenia la Bodega del Mar i el negoci li va anar b\u00e9, encara que va acabar aprofitant nom\u00e9s els restaurants de la planta baixa, renunciant al negoci de l\u2019allotjament. A m\u00e9s d\u2019una cafeteria, la planta baixa comptava tamb\u00e9 amb una pastisseria alemanya.<\/p>\n<p>La fam\u00edlia, despr\u00e9s de la mort del g\u00fcelo, fins i tot va haver d\u2019hipotecar l\u2019hotel per a fer front als deutes. Quan es va complir el contracte d\u2019arrendament, en 1989, Vicenta es va fer c\u00e0rrec de l\u2019establiment. El va moblar de nou, perqu\u00e8 estava deteriorat, i va substituir els t\u00e8xtils.<\/p>\n<figure id=\"attachment_399\" aria-describedby=\"caption-attachment-399\" style=\"width: 800px\" class=\"wp-caption alignnone\"><a href=\"http:\/\/www.esnautic.com\/wp-content\/uploads\/2022\/05\/41-min.jpg\"><img decoding=\"async\" class=\"size-full wp-image-399\" src=\"http:\/\/www.esnautic.com\/wp-content\/uploads\/2022\/05\/41-min.jpg\" alt=\"\" width=\"800\" height=\"527\" srcset=\"https:\/\/www.esnautic.com\/wp-content\/uploads\/2022\/05\/41-min.jpg 800w, https:\/\/www.esnautic.com\/wp-content\/uploads\/2022\/05\/41-min-300x198.jpg 300w, https:\/\/www.esnautic.com\/wp-content\/uploads\/2022\/05\/41-min-768x506.jpg 768w, https:\/\/www.esnautic.com\/wp-content\/uploads\/2022\/05\/41-min-750x494.jpg 750w\" sizes=\"(max-width: 800px) 100vw, 800px\" \/><\/a><figcaption id=\"caption-attachment-399\" class=\"wp-caption-text\">Vicenta Rosell\u00f3, amb els seus fills Joan y Llu\u00efsa<\/figcaption><\/figure>\n<p>Vicenta s\u2019havia casat als 28 anys amb Celso Pantaleoni, un catal\u00e0 que va venir a l\u2019illa de vacances. Celso, no obstant aix\u00f2, no estava interessat en els negocis i es dedicava a viure de rendes, segons explica el mateix Joan. Tenia el \u2018Tint\u00edn\u2019, una barca amb la qual sortia a pescar dins de la badia. Celso va morir quan Joan tenia pocs anys, abans que el g\u00fcelo.<\/p>\n<p>L\u2019hotel, no obstant aix\u00f2, havia d\u2019heretar-lo l\u2019oncle de Juan, <em>Pere de na Mossona<\/em>, que el va portar alguns anys. No obstant aix\u00f2, sofria una malaltia mental i el negoci va comen\u00e7ar a anar de mal borr\u00e0s, fins a l\u2019extrem que els bancs gaireb\u00e9 es van ensenyorir d\u2019ell. Abans que aix\u00f2 ocorregu\u00e9s, Vicenta es va fer c\u00e0rrec de la gesti\u00f3 econ\u00f2mica de l\u2019hotel i de l\u2019economat.<\/p>\n<figure id=\"attachment_400\" aria-describedby=\"caption-attachment-400\" style=\"width: 800px\" class=\"wp-caption alignnone\"><a href=\"http:\/\/www.esnautic.com\/wp-content\/uploads\/2022\/05\/52-min.jpeg\"><img decoding=\"async\" class=\"size-full wp-image-400\" src=\"http:\/\/www.esnautic.com\/wp-content\/uploads\/2022\/05\/52-min.jpeg\" alt=\"\" width=\"800\" height=\"533\" srcset=\"https:\/\/www.esnautic.com\/wp-content\/uploads\/2022\/05\/52-min.jpeg 800w, https:\/\/www.esnautic.com\/wp-content\/uploads\/2022\/05\/52-min-300x200.jpeg 300w, https:\/\/www.esnautic.com\/wp-content\/uploads\/2022\/05\/52-min-768x512.jpeg 768w, https:\/\/www.esnautic.com\/wp-content\/uploads\/2022\/05\/52-min-750x500.jpeg 750w\" sizes=\"(max-width: 800px) 100vw, 800px\" \/><\/a><figcaption id=\"caption-attachment-400\" class=\"wp-caption-text\">L\u2019Hotel Portmany a l\u2019actualitat<\/figcaption><\/figure>\n<p>Quan els problemes mentals de l\u2019oncle Pere es van aguditzar, la g\u00fcela li va cedir la seua part a Vicenta, que cuidava dels dos. Per\u00f2 Pere, malgrat els seus problemes, no ho va acceptar i va iniciar un proc\u00e9s judicial que es va prolongar durant quinze anys. La Just\u00edcia va dictaminar a favor de Vicenta. En aquells anys, Joan ajudava al seu oncle donant-li diners de sotam\u00e0 i tot el que li demanava. Al final, despr\u00e9s de tanta baralla judicial, el va nomenar hereu dels b\u00e9ns que encara conservava.<\/p>\n<p>L\u2019Hotel avui pertany a Vicenta i el gestiona el seu fill Joan, des de l\u2019any 1999, que va ser quan la mare es va voler retirar. La seua germana Lluisa, l\u2019\u00fanica que t\u00e9, va estudiar dret comunitari, es va establir a Brussel\u00b7les i es va casar amb un dan\u00e8s, amb el qual ara viu a Copenhaguen. Encara que comparteixen propietats, dels negocis s\u2019ocupa Joan. Vicenta li va comunicar l\u2019import que volia rebre tots els mesos i l\u2019estrat\u00e8gia de Joan va ser reunir a trav\u00e9s de rendes de lloguer dels locals comercials lim\u00edtrofs, tamb\u00e9 de la seua propietat, la part de la mare i la resta explotar-lo tractant de fer negoci.<\/p>\n<figure id=\"attachment_401\" aria-describedby=\"caption-attachment-401\" style=\"width: 800px\" class=\"wp-caption alignnone\"><a href=\"http:\/\/www.esnautic.com\/wp-content\/uploads\/2022\/05\/45-min.jpeg\"><img decoding=\"async\" class=\"size-full wp-image-401\" src=\"http:\/\/www.esnautic.com\/wp-content\/uploads\/2022\/05\/45-min.jpeg\" alt=\"\" width=\"800\" height=\"533\" srcset=\"https:\/\/www.esnautic.com\/wp-content\/uploads\/2022\/05\/45-min.jpeg 800w, https:\/\/www.esnautic.com\/wp-content\/uploads\/2022\/05\/45-min-300x200.jpeg 300w, https:\/\/www.esnautic.com\/wp-content\/uploads\/2022\/05\/45-min-768x512.jpeg 768w, https:\/\/www.esnautic.com\/wp-content\/uploads\/2022\/05\/45-min-750x500.jpeg 750w\" sizes=\"(max-width: 800px) 100vw, 800px\" \/><\/a><figcaption id=\"caption-attachment-401\" class=\"wp-caption-text\">Habitaci\u00f3 de l\u2019Hotel Portmany, tal com \u00e9s ara<\/figcaption><\/figure>\n<p>Despr\u00e9s de diverses d\u00e8cades en qu\u00e8 les habitacions van romandre tancades, en 2021 va reobrir les portes completament renovat, sota la direcci\u00f3 del mateix Joan Pantaleoni. Ell explica que per all\u00ed ha treballat mig poble i que ell ha volgut que l\u2019hotel es mantingui tal com era; \u00e9s a dir, un establiment de qualitat i emblem\u00e0tic. L\u2019ha transformat en un allotjament de poques habitacions, molt grans, on es mant\u00e9 la tradici\u00f3 familiar.<\/p>\n<figure id=\"attachment_402\" aria-describedby=\"caption-attachment-402\" style=\"width: 800px\" class=\"wp-caption alignnone\"><a href=\"http:\/\/www.esnautic.com\/wp-content\/uploads\/2022\/05\/48-min.jpeg\"><img decoding=\"async\" class=\"size-full wp-image-402\" src=\"http:\/\/www.esnautic.com\/wp-content\/uploads\/2022\/05\/48-min.jpeg\" alt=\"\" width=\"800\" height=\"533\" srcset=\"https:\/\/www.esnautic.com\/wp-content\/uploads\/2022\/05\/48-min.jpeg 800w, https:\/\/www.esnautic.com\/wp-content\/uploads\/2022\/05\/48-min-300x200.jpeg 300w, https:\/\/www.esnautic.com\/wp-content\/uploads\/2022\/05\/48-min-768x512.jpeg 768w, https:\/\/www.esnautic.com\/wp-content\/uploads\/2022\/05\/48-min-750x500.jpeg 750w\" sizes=\"(max-width: 800px) 100vw, 800px\" \/><\/a><figcaption id=\"caption-attachment-402\" class=\"wp-caption-text\">Una altra apartament de l\u2019Hotel Portmany, avui<\/figcaption><\/figure>\n<p>En aquests anys, ha regentat altres locals dins de la propietat familiar. All\u00e0 on estaven els habitatges dels treballadors de l\u2019Hotel Portmany va obrir un primer quiosquet anomenat El tropez\u00f3n, amb Pep Tur, <em>Twist<\/em>, que es convertiria en el seu soci de tota la vida. Al final, el Nito\u2019s ho van acabar agafant els dos i el quiosquet es va transformar en el Bar Simple. Despr\u00e9s Joan ha anat obrint i gestionant altres iniciatives, sent la m\u00e9s recent el Rinc\u00f3n de Pepe, que va posar en marxa Pepe Rosell\u00f3, <em>Pepe de la Mutual<\/em>, tamb\u00e9 fundador de Space, en 1962. L\u2019establiment reobre aquesta temporada sota la seua direcci\u00f3 i t\u00e9 intenci\u00f3 de mantenir-lo tal qual, perqu\u00e8 conservi el seu sabor hist\u00f2ric.<\/p>\n<figure id=\"attachment_403\" aria-describedby=\"caption-attachment-403\" style=\"width: 800px\" class=\"wp-caption alignnone\"><a href=\"http:\/\/www.esnautic.com\/wp-content\/uploads\/2022\/05\/54-min.jpg\"><img decoding=\"async\" class=\"size-full wp-image-403\" src=\"http:\/\/www.esnautic.com\/wp-content\/uploads\/2022\/05\/54-min.jpg\" alt=\"\" width=\"800\" height=\"506\" srcset=\"https:\/\/www.esnautic.com\/wp-content\/uploads\/2022\/05\/54-min.jpg 800w, https:\/\/www.esnautic.com\/wp-content\/uploads\/2022\/05\/54-min-300x190.jpg 300w, https:\/\/www.esnautic.com\/wp-content\/uploads\/2022\/05\/54-min-768x486.jpg 768w, https:\/\/www.esnautic.com\/wp-content\/uploads\/2022\/05\/54-min-750x474.jpg 750w\" sizes=\"(max-width: 800px) 100vw, 800px\" \/><\/a><figcaption id=\"caption-attachment-403\" class=\"wp-caption-text\">El Rinc\u00f3n de Pepe va obrir en 1962 i actualment el regenta Joan Pantaleoni<\/figcaption><\/figure>\n<p>La confer\u00e8ncia va comptar amb la pres\u00e8ncia de diferents ve\u00efns il\u00b7lustrats, com l\u2019ex alcalde Vicent Mar\u00ed Prats, que va aclarir de mem\u00f2ria innombrables dates i detalls, demostrant que continua sent una enciclop\u00e8dia errant sobre Sant Antoni i la badia de Portmany.<\/p>\n<p>Ens queda el dubte sobre el que podria pensar <em>Pep de na Mossona<\/em> sobre la realitat actual de la badia i el tipus de turisme que la freq\u00fcenta. Per\u00f2 no resulta massa dif\u00edcil imaginar la seua resposta.<\/p>\n<figure id=\"attachment_404\" aria-describedby=\"caption-attachment-404\" style=\"width: 800px\" class=\"wp-caption alignnone\"><a href=\"http:\/\/www.esnautic.com\/wp-content\/uploads\/2022\/05\/09-min.jpg\"><img decoding=\"async\" class=\"size-full wp-image-404\" src=\"http:\/\/www.esnautic.com\/wp-content\/uploads\/2022\/05\/09-min.jpg\" alt=\"\" width=\"800\" height=\"1162\" srcset=\"https:\/\/www.esnautic.com\/wp-content\/uploads\/2022\/05\/09-min.jpg 800w, https:\/\/www.esnautic.com\/wp-content\/uploads\/2022\/05\/09-min-207x300.jpg 207w, https:\/\/www.esnautic.com\/wp-content\/uploads\/2022\/05\/09-min-705x1024.jpg 705w, https:\/\/www.esnautic.com\/wp-content\/uploads\/2022\/05\/09-min-768x1116.jpg 768w, https:\/\/www.esnautic.com\/wp-content\/uploads\/2022\/05\/09-min-750x1089.jpg 750w\" sizes=\"(max-width: 800px) 100vw, 800px\" \/><\/a><figcaption id=\"caption-attachment-404\" class=\"wp-caption-text\">Retrat de Pep Rosell\u00f3 Cardona, \u2018Pep de na Mossona\u2019<\/figcaption><\/figure>\n","protected":false},"excerpt":{"rendered":"<p>Divendres passat, 6 de maig, el Club N\u00e0utic Sant Antoni va acollir una nova edici\u00f3 de les Xerrades Essencials, la seva tert\u00falia amb personalitats vinculades a la hist\u00f2ria de la [&hellip;]<\/p>\n","protected":false},"author":1,"featured_media":752,"comment_status":"open","ping_status":"open","sticky":false,"template":"","format":"standard","meta":{"_acf_changed":false,"jnews-multi-image_gallery":[],"jnews_single_post":{"subtitle":"","format":"standard","video":"","gallery":"","source_name":"","source_url":"","via_name":"","via_url":"","override_template":"0","override":[{"template":"3","single_blog_custom":"","parallax":"1","fullscreen":"1","layout":"right-sidebar","sidebar":"default-sidebar","second_sidebar":"default-sidebar","sticky_sidebar":"0","share_position":"bottom","share_float_style":"share-monocrhome","show_share_counter":"1","show_view_counter":"1","show_featured":"1","show_post_meta":"1","show_post_author":"0","show_post_author_image":"1","show_post_date":"1","post_date_format":"default","post_date_format_custom":"Y\/m\/d","show_post_category":"1","show_post_reading_time":"0","post_reading_time_wpm":"300","show_zoom_button":"0","zoom_button_out_step":"2","zoom_button_in_step":"3","show_post_tag":"1","show_prev_next_post":"0","show_popup_post":"0","number_popup_post":"2","show_author_box":"0","show_post_related":"1","show_inline_post_related":"0"}],"override_image_size":"0","image_override":[{"single_post_thumbnail_size":"crop-715","single_post_gallery_size":"crop-500"}],"trending_post":"0","trending_post_position":"meta","trending_post_label":"Trending","sponsored_post":"0","sponsored_post_label":"Sponsored by","sponsored_post_name":"","sponsored_post_url":"","sponsored_post_logo_enable":"0","sponsored_post_logo":"","sponsored_post_desc":"","disable_ad":"0"},"jnews_primary_category":{"id":""},"jnews_override_counter":{"override_view_counter":"0","view_counter_number":"0","override_share_counter":"0","share_counter_number":"0","override_like_counter":"0","like_counter_number":"0","override_dislike_counter":"0","dislike_counter_number":"0"},"footnotes":""},"categories":[92],"tags":[],"class_list":["post-1204","post","type-post","status-publish","format-standard","has-post-thumbnail","hentry","category-reportatges"],"acf":[],"yoast_head":"<!-- This site is optimized with the Yoast SEO plugin v26.7 - https:\/\/yoast.com\/wordpress\/plugins\/seo\/ -->\n<title>L&#039;Hotel Portmany, hist\u00f2ria d&#039;un allotjament pioner - Es N\u00e0utic<\/title>\n<meta name=\"robots\" content=\"index, follow, max-snippet:-1, max-image-preview:large, max-video-preview:-1\" \/>\n<link rel=\"canonical\" href=\"https:\/\/www.esnautic.com\/ca\/corporatiu\/reportatges\/el-hotel-portmany-historia-de-un-alojamiento-pionero\/\" \/>\n<meta property=\"og:locale\" content=\"ca_ES\" \/>\n<meta property=\"og:type\" content=\"article\" \/>\n<meta property=\"og:title\" content=\"L&#039;Hotel Portmany, hist\u00f2ria d&#039;un allotjament pioner - Es N\u00e0utic\" \/>\n<meta property=\"og:description\" content=\"Divendres passat, 6 de maig, el Club N\u00e0utic Sant Antoni va acollir una nova edici\u00f3 de les Xerrades Essencials, la seva tert\u00falia amb personalitats vinculades a la hist\u00f2ria de la [&hellip;]\" \/>\n<meta property=\"og:url\" content=\"https:\/\/www.esnautic.com\/ca\/corporatiu\/reportatges\/el-hotel-portmany-historia-de-un-alojamiento-pionero\/\" \/>\n<meta property=\"og:site_name\" content=\"Es N\u00e0utic\" \/>\n<meta property=\"article:published_time\" content=\"2022-05-10T06:34:07+00:00\" \/>\n<meta property=\"article:modified_time\" content=\"2022-07-14T07:08:33+00:00\" \/>\n<meta property=\"og:image\" content=\"https:\/\/www.esnautic.com\/wp-content\/uploads\/2022\/07\/17.jpg\" \/>\n\t<meta property=\"og:image:width\" content=\"1400\" \/>\n\t<meta property=\"og:image:height\" content=\"835\" \/>\n\t<meta property=\"og:image:type\" content=\"image\/jpeg\" \/>\n<meta name=\"author\" content=\"welove\" \/>\n<meta name=\"twitter:card\" content=\"summary_large_image\" \/>\n<meta name=\"twitter:label1\" content=\"Escrit per\" \/>\n\t<meta name=\"twitter:data1\" content=\"welove\" \/>\n\t<meta name=\"twitter:label2\" content=\"Temps estimat de lectura\" \/>\n\t<meta name=\"twitter:data2\" content=\"28 minuts\" \/>\n<script type=\"application\/ld+json\" class=\"yoast-schema-graph\">{\"@context\":\"https:\/\/schema.org\",\"@graph\":[{\"@type\":\"Article\",\"@id\":\"https:\/\/www.esnautic.com\/ca\/corporatiu\/reportatges\/el-hotel-portmany-historia-de-un-alojamiento-pionero\/#article\",\"isPartOf\":{\"@id\":\"https:\/\/www.esnautic.com\/ca\/corporatiu\/reportatges\/el-hotel-portmany-historia-de-un-alojamiento-pionero\/\"},\"author\":{\"name\":\"welove\",\"@id\":\"https:\/\/www.esnautic.com\/#\/schema\/person\/608d82a6c6c63fddf573c5aa37530138\"},\"headline\":\"L&#8217;Hotel Portmany, hist\u00f2ria d&#8217;un allotjament pioner\",\"datePublished\":\"2022-05-10T06:34:07+00:00\",\"dateModified\":\"2022-07-14T07:08:33+00:00\",\"mainEntityOfPage\":{\"@id\":\"https:\/\/www.esnautic.com\/ca\/corporatiu\/reportatges\/el-hotel-portmany-historia-de-un-alojamiento-pionero\/\"},\"wordCount\":5658,\"commentCount\":0,\"image\":{\"@id\":\"https:\/\/www.esnautic.com\/ca\/corporatiu\/reportatges\/el-hotel-portmany-historia-de-un-alojamiento-pionero\/#primaryimage\"},\"thumbnailUrl\":\"https:\/\/www.esnautic.com\/wp-content\/uploads\/2022\/07\/17.jpg\",\"articleSection\":[\"Reportatges\"],\"inLanguage\":\"ca\",\"potentialAction\":[{\"@type\":\"CommentAction\",\"name\":\"Comment\",\"target\":[\"https:\/\/www.esnautic.com\/ca\/corporatiu\/reportatges\/el-hotel-portmany-historia-de-un-alojamiento-pionero\/#respond\"]}]},{\"@type\":\"WebPage\",\"@id\":\"https:\/\/www.esnautic.com\/ca\/corporatiu\/reportatges\/el-hotel-portmany-historia-de-un-alojamiento-pionero\/\",\"url\":\"https:\/\/www.esnautic.com\/ca\/corporatiu\/reportatges\/el-hotel-portmany-historia-de-un-alojamiento-pionero\/\",\"name\":\"L'Hotel Portmany, hist\u00f2ria d'un allotjament pioner - Es N\u00e0utic\",\"isPartOf\":{\"@id\":\"https:\/\/www.esnautic.com\/#website\"},\"primaryImageOfPage\":{\"@id\":\"https:\/\/www.esnautic.com\/ca\/corporatiu\/reportatges\/el-hotel-portmany-historia-de-un-alojamiento-pionero\/#primaryimage\"},\"image\":{\"@id\":\"https:\/\/www.esnautic.com\/ca\/corporatiu\/reportatges\/el-hotel-portmany-historia-de-un-alojamiento-pionero\/#primaryimage\"},\"thumbnailUrl\":\"https:\/\/www.esnautic.com\/wp-content\/uploads\/2022\/07\/17.jpg\",\"datePublished\":\"2022-05-10T06:34:07+00:00\",\"dateModified\":\"2022-07-14T07:08:33+00:00\",\"author\":{\"@id\":\"https:\/\/www.esnautic.com\/#\/schema\/person\/608d82a6c6c63fddf573c5aa37530138\"},\"breadcrumb\":{\"@id\":\"https:\/\/www.esnautic.com\/ca\/corporatiu\/reportatges\/el-hotel-portmany-historia-de-un-alojamiento-pionero\/#breadcrumb\"},\"inLanguage\":\"ca\",\"potentialAction\":[{\"@type\":\"ReadAction\",\"target\":[\"https:\/\/www.esnautic.com\/ca\/corporatiu\/reportatges\/el-hotel-portmany-historia-de-un-alojamiento-pionero\/\"]}]},{\"@type\":\"ImageObject\",\"inLanguage\":\"ca\",\"@id\":\"https:\/\/www.esnautic.com\/ca\/corporatiu\/reportatges\/el-hotel-portmany-historia-de-un-alojamiento-pionero\/#primaryimage\",\"url\":\"https:\/\/www.esnautic.com\/wp-content\/uploads\/2022\/07\/17.jpg\",\"contentUrl\":\"https:\/\/www.esnautic.com\/wp-content\/uploads\/2022\/07\/17.jpg\",\"width\":1400,\"height\":835,\"caption\":\"L\u2019Hotel Portmany en obres, al principi de la d\u00e8cada dels 30\"},{\"@type\":\"BreadcrumbList\",\"@id\":\"https:\/\/www.esnautic.com\/ca\/corporatiu\/reportatges\/el-hotel-portmany-historia-de-un-alojamiento-pionero\/#breadcrumb\",\"itemListElement\":[{\"@type\":\"ListItem\",\"position\":1,\"name\":\"Inici\",\"item\":\"https:\/\/www.esnautic.com\/ca\/\"},{\"@type\":\"ListItem\",\"position\":2,\"name\":\"L&#8217;Hotel Portmany, hist\u00f2ria d&#8217;un allotjament pioner\"}]},{\"@type\":\"WebSite\",\"@id\":\"https:\/\/www.esnautic.com\/#website\",\"url\":\"https:\/\/www.esnautic.com\/\",\"name\":\"Es N\u00e0utic\",\"description\":\"Club N\u00e0utic Sant Antoni\",\"potentialAction\":[{\"@type\":\"SearchAction\",\"target\":{\"@type\":\"EntryPoint\",\"urlTemplate\":\"https:\/\/www.esnautic.com\/?s={search_term_string}\"},\"query-input\":{\"@type\":\"PropertyValueSpecification\",\"valueRequired\":true,\"valueName\":\"search_term_string\"}}],\"inLanguage\":\"ca\"},{\"@type\":\"Person\",\"@id\":\"https:\/\/www.esnautic.com\/#\/schema\/person\/608d82a6c6c63fddf573c5aa37530138\",\"name\":\"welove\",\"image\":{\"@type\":\"ImageObject\",\"inLanguage\":\"ca\",\"@id\":\"https:\/\/www.esnautic.com\/#\/schema\/person\/image\/\",\"url\":\"https:\/\/secure.gravatar.com\/avatar\/8a215e88517ac3e3930b7c0a0b890f9fba324c4f6e29ec73d671d62468d6ac18?s=96&d=mm&r=g\",\"contentUrl\":\"https:\/\/secure.gravatar.com\/avatar\/8a215e88517ac3e3930b7c0a0b890f9fba324c4f6e29ec73d671d62468d6ac18?s=96&d=mm&r=g\",\"caption\":\"welove\"},\"sameAs\":[\"http:\/\/esnautic.com\"],\"url\":\"https:\/\/www.esnautic.com\/ca\/author\/welove\/\"}]}<\/script>\n<!-- \/ Yoast SEO plugin. -->","yoast_head_json":{"title":"L'Hotel Portmany, hist\u00f2ria d'un allotjament pioner - Es N\u00e0utic","robots":{"index":"index","follow":"follow","max-snippet":"max-snippet:-1","max-image-preview":"max-image-preview:large","max-video-preview":"max-video-preview:-1"},"canonical":"https:\/\/www.esnautic.com\/ca\/corporatiu\/reportatges\/el-hotel-portmany-historia-de-un-alojamiento-pionero\/","og_locale":"ca_ES","og_type":"article","og_title":"L'Hotel Portmany, hist\u00f2ria d'un allotjament pioner - Es N\u00e0utic","og_description":"Divendres passat, 6 de maig, el Club N\u00e0utic Sant Antoni va acollir una nova edici\u00f3 de les Xerrades Essencials, la seva tert\u00falia amb personalitats vinculades a la hist\u00f2ria de la [&hellip;]","og_url":"https:\/\/www.esnautic.com\/ca\/corporatiu\/reportatges\/el-hotel-portmany-historia-de-un-alojamiento-pionero\/","og_site_name":"Es N\u00e0utic","article_published_time":"2022-05-10T06:34:07+00:00","article_modified_time":"2022-07-14T07:08:33+00:00","og_image":[{"width":1400,"height":835,"url":"https:\/\/www.esnautic.com\/wp-content\/uploads\/2022\/07\/17.jpg","type":"image\/jpeg"}],"author":"welove","twitter_card":"summary_large_image","twitter_misc":{"Escrit per":"welove","Temps estimat de lectura":"28 minuts"},"schema":{"@context":"https:\/\/schema.org","@graph":[{"@type":"Article","@id":"https:\/\/www.esnautic.com\/ca\/corporatiu\/reportatges\/el-hotel-portmany-historia-de-un-alojamiento-pionero\/#article","isPartOf":{"@id":"https:\/\/www.esnautic.com\/ca\/corporatiu\/reportatges\/el-hotel-portmany-historia-de-un-alojamiento-pionero\/"},"author":{"name":"welove","@id":"https:\/\/www.esnautic.com\/#\/schema\/person\/608d82a6c6c63fddf573c5aa37530138"},"headline":"L&#8217;Hotel Portmany, hist\u00f2ria d&#8217;un allotjament pioner","datePublished":"2022-05-10T06:34:07+00:00","dateModified":"2022-07-14T07:08:33+00:00","mainEntityOfPage":{"@id":"https:\/\/www.esnautic.com\/ca\/corporatiu\/reportatges\/el-hotel-portmany-historia-de-un-alojamiento-pionero\/"},"wordCount":5658,"commentCount":0,"image":{"@id":"https:\/\/www.esnautic.com\/ca\/corporatiu\/reportatges\/el-hotel-portmany-historia-de-un-alojamiento-pionero\/#primaryimage"},"thumbnailUrl":"https:\/\/www.esnautic.com\/wp-content\/uploads\/2022\/07\/17.jpg","articleSection":["Reportatges"],"inLanguage":"ca","potentialAction":[{"@type":"CommentAction","name":"Comment","target":["https:\/\/www.esnautic.com\/ca\/corporatiu\/reportatges\/el-hotel-portmany-historia-de-un-alojamiento-pionero\/#respond"]}]},{"@type":"WebPage","@id":"https:\/\/www.esnautic.com\/ca\/corporatiu\/reportatges\/el-hotel-portmany-historia-de-un-alojamiento-pionero\/","url":"https:\/\/www.esnautic.com\/ca\/corporatiu\/reportatges\/el-hotel-portmany-historia-de-un-alojamiento-pionero\/","name":"L'Hotel Portmany, hist\u00f2ria d'un allotjament pioner - Es N\u00e0utic","isPartOf":{"@id":"https:\/\/www.esnautic.com\/#website"},"primaryImageOfPage":{"@id":"https:\/\/www.esnautic.com\/ca\/corporatiu\/reportatges\/el-hotel-portmany-historia-de-un-alojamiento-pionero\/#primaryimage"},"image":{"@id":"https:\/\/www.esnautic.com\/ca\/corporatiu\/reportatges\/el-hotel-portmany-historia-de-un-alojamiento-pionero\/#primaryimage"},"thumbnailUrl":"https:\/\/www.esnautic.com\/wp-content\/uploads\/2022\/07\/17.jpg","datePublished":"2022-05-10T06:34:07+00:00","dateModified":"2022-07-14T07:08:33+00:00","author":{"@id":"https:\/\/www.esnautic.com\/#\/schema\/person\/608d82a6c6c63fddf573c5aa37530138"},"breadcrumb":{"@id":"https:\/\/www.esnautic.com\/ca\/corporatiu\/reportatges\/el-hotel-portmany-historia-de-un-alojamiento-pionero\/#breadcrumb"},"inLanguage":"ca","potentialAction":[{"@type":"ReadAction","target":["https:\/\/www.esnautic.com\/ca\/corporatiu\/reportatges\/el-hotel-portmany-historia-de-un-alojamiento-pionero\/"]}]},{"@type":"ImageObject","inLanguage":"ca","@id":"https:\/\/www.esnautic.com\/ca\/corporatiu\/reportatges\/el-hotel-portmany-historia-de-un-alojamiento-pionero\/#primaryimage","url":"https:\/\/www.esnautic.com\/wp-content\/uploads\/2022\/07\/17.jpg","contentUrl":"https:\/\/www.esnautic.com\/wp-content\/uploads\/2022\/07\/17.jpg","width":1400,"height":835,"caption":"L\u2019Hotel Portmany en obres, al principi de la d\u00e8cada dels 30"},{"@type":"BreadcrumbList","@id":"https:\/\/www.esnautic.com\/ca\/corporatiu\/reportatges\/el-hotel-portmany-historia-de-un-alojamiento-pionero\/#breadcrumb","itemListElement":[{"@type":"ListItem","position":1,"name":"Inici","item":"https:\/\/www.esnautic.com\/ca\/"},{"@type":"ListItem","position":2,"name":"L&#8217;Hotel Portmany, hist\u00f2ria d&#8217;un allotjament pioner"}]},{"@type":"WebSite","@id":"https:\/\/www.esnautic.com\/#website","url":"https:\/\/www.esnautic.com\/","name":"Es N\u00e0utic","description":"Club N\u00e0utic Sant Antoni","potentialAction":[{"@type":"SearchAction","target":{"@type":"EntryPoint","urlTemplate":"https:\/\/www.esnautic.com\/?s={search_term_string}"},"query-input":{"@type":"PropertyValueSpecification","valueRequired":true,"valueName":"search_term_string"}}],"inLanguage":"ca"},{"@type":"Person","@id":"https:\/\/www.esnautic.com\/#\/schema\/person\/608d82a6c6c63fddf573c5aa37530138","name":"welove","image":{"@type":"ImageObject","inLanguage":"ca","@id":"https:\/\/www.esnautic.com\/#\/schema\/person\/image\/","url":"https:\/\/secure.gravatar.com\/avatar\/8a215e88517ac3e3930b7c0a0b890f9fba324c4f6e29ec73d671d62468d6ac18?s=96&d=mm&r=g","contentUrl":"https:\/\/secure.gravatar.com\/avatar\/8a215e88517ac3e3930b7c0a0b890f9fba324c4f6e29ec73d671d62468d6ac18?s=96&d=mm&r=g","caption":"welove"},"sameAs":["http:\/\/esnautic.com"],"url":"https:\/\/www.esnautic.com\/ca\/author\/welove\/"}]}},"_links":{"self":[{"href":"https:\/\/www.esnautic.com\/ca\/wp-json\/wp\/v2\/posts\/1204","targetHints":{"allow":["GET"]}}],"collection":[{"href":"https:\/\/www.esnautic.com\/ca\/wp-json\/wp\/v2\/posts"}],"about":[{"href":"https:\/\/www.esnautic.com\/ca\/wp-json\/wp\/v2\/types\/post"}],"author":[{"embeddable":true,"href":"https:\/\/www.esnautic.com\/ca\/wp-json\/wp\/v2\/users\/1"}],"replies":[{"embeddable":true,"href":"https:\/\/www.esnautic.com\/ca\/wp-json\/wp\/v2\/comments?post=1204"}],"version-history":[{"count":0,"href":"https:\/\/www.esnautic.com\/ca\/wp-json\/wp\/v2\/posts\/1204\/revisions"}],"wp:featuredmedia":[{"embeddable":true,"href":"https:\/\/www.esnautic.com\/ca\/wp-json\/wp\/v2\/media\/752"}],"wp:attachment":[{"href":"https:\/\/www.esnautic.com\/ca\/wp-json\/wp\/v2\/media?parent=1204"}],"wp:term":[{"taxonomy":"category","embeddable":true,"href":"https:\/\/www.esnautic.com\/ca\/wp-json\/wp\/v2\/categories?post=1204"},{"taxonomy":"post_tag","embeddable":true,"href":"https:\/\/www.esnautic.com\/ca\/wp-json\/wp\/v2\/tags?post=1204"}],"curies":[{"name":"wp","href":"https:\/\/api.w.org\/{rel}","templated":true}]}}