{"id":27209,"date":"2024-01-22T14:10:27","date_gmt":"2024-01-22T13:10:27","guid":{"rendered":"https:\/\/www.esnautic.com\/sense-categoritzar\/el-rescate-de-ibicencos-cautivos-en-los-tiempos-peligrosos-de-los-corsarios\/"},"modified":"2025-07-02T15:11:19","modified_gmt":"2025-07-02T13:11:19","slug":"el-rescat-deivissencs-captius-en-els-temps-perillosos-dels-corsaris","status":"publish","type":"post","link":"https:\/\/www.esnautic.com\/ca\/corporatiu\/reportatges\/el-rescat-deivissencs-captius-en-els-temps-perillosos-dels-corsaris\/","title":{"rendered":"El rescat d&#8217;eivissencs captius en els temps perillosos dels corsaris"},"content":{"rendered":"<p>El cicle de tert\u00falies \u2018Xerrades Essencials\u2019 va tornar el divendres, 19 de gener, a Es N\u00e0utic, amb la presentaci\u00f3 del llibre \u2018Galiotes! Una batalla oblidada\u2019, editat per l&#8217;Associaci\u00f3 Mar\u00edtima Cultural d\u2019Eivissa i Formentera (AMCEF), que va acabar derivant en una confer\u00e8ncia interessant\u00edssima sobre els temps en qu\u00e8 la costa d&#8217;Eivissa era assotada per corsaris turcs i barbarescos. La varen oferir els historiadors Antoni Ferrer Ab\u00e1rzuza (coordinador del llibre) i Antoni Tur Torres, i l&#8217;arque\u00f2leg Marcus Heinrich Hermanns, tres dels autors del volum, juntament amb el tamb\u00e9 historiador Antonio Espino.<\/p>\n<p>El llibre descriu una fero\u00e7 batalla naval entre galeres genoveses, a les ordres de la Corona espanyola, i galeotas cors\u00e0ries d&#8217;origen turc. L&#8217;enfrontament va tenir lloc el juny de 1607, al costat de l&#8217;illot de s\u2019Espardell, i va acabar costant la vida a m\u00e9s d&#8217;un centenar de tripulants, la majoria d&#8217;ells captius cristians. Es tracta d&#8217;un esdeveniment que era desconegut pel gran p\u00fablic i bona part dels historiadors eivissencs, fins que s&#8217;ha publicat aquest llibre.<\/p>\n<figure id=\"attachment_10634\" aria-describedby=\"caption-attachment-10634\" style=\"width: 1400px\" class=\"wp-caption alignnone\"><img decoding=\"async\" class=\"wp-image-10634 size-full\" src=\"https:\/\/www.esnautic.com\/wp-content\/uploads\/2024\/01\/IMG_5123rec.jpg\" alt=\"\" width=\"1400\" height=\"933\" srcset=\"https:\/\/www.esnautic.com\/wp-content\/uploads\/2024\/01\/IMG_5123rec.jpg 1400w, https:\/\/www.esnautic.com\/wp-content\/uploads\/2024\/01\/IMG_5123rec-300x200.jpg 300w, https:\/\/www.esnautic.com\/wp-content\/uploads\/2024\/01\/IMG_5123rec-1024x682.jpg 1024w, https:\/\/www.esnautic.com\/wp-content\/uploads\/2024\/01\/IMG_5123rec-768x512.jpg 768w, https:\/\/www.esnautic.com\/wp-content\/uploads\/2024\/01\/IMG_5123rec-750x500.jpg 750w, https:\/\/www.esnautic.com\/wp-content\/uploads\/2024\/01\/IMG_5123rec-1140x760.jpg 1140w\" sizes=\"(max-width: 1400px) 100vw, 1400px\" \/><figcaption id=\"caption-attachment-10634\" class=\"wp-caption-text\">Antoni Ferrer Ab\u00e1rzuza, Marcus Heinrich Hermanns, Antoni Tur Torres y Xescu Prats, en Es N\u00e0utic<\/figcaption><\/figure>\n<p>L&#8217;historiador Antoni Ferrer Ab\u00e1rzuza va descobrir per casualitat aquest succ\u00e9s rebuscant textos antics sobre la hist\u00f2ria d&#8217;Eivissa a Internet. Aix\u00ed va donar amb un volum escrit per Gaspar Escolano, cronista oficial de Regne de Val\u00e8ncia, que es va publicar el 1611. En ell, es descrivia de manera minuciosa aquesta batalla, que va tenir el seu origen a la badia de Portmany, amb l&#8217;aparici\u00f3 de dos galiotes i una fragata turques darrere l&#8217;illot de sa Conillera. Varen ser albirades per guaites eivissencs i despr\u00e9s es varen traslladar a s\u2019Espalmador, refugi habitual de corsaris durant l&#8217;\u00e8poca de razias. Uns dies despr\u00e9s de l&#8217;aparici\u00f3, les dos galiotes es varen acostar a la costa eivissenca, deixant la fragata a l&#8217;illot, amb la bandera de parlamentar, cosa que indica que ja llavors existien protocols i maneres d&#8217;entaular comunicaci\u00f3 entre enemics, tamb\u00e9 en aig\u00fces d&#8217;Eivissa.<\/p>\n<p>En paral\u00b7lel, una esquadra de catorze galeres genoveses, al comandament del Duc de Tursi, que en aquells temps estaven al servei de la Corona espanyola, varen haver de refugiar-se a la badia de Portmany quan navegaven amb rumb a Cartagena, a causa d&#8217;un fort temporal. La not\u00edcia de seguida va arribar a l&#8217;orella del governador d&#8217;Eivissa, Alonso de Sanoguera. Aquest era d&#8217;origen valenci\u00e0 i germ\u00e0 de Fernando de Sanoguera, que va ocupar el mateix c\u00e0rrec abans que ell, com indica la inscripci\u00f3 en pedra que corona el Portal de ses Taules, a la fortalesa de la capital. Va decidir demanar als genovesos que acudissin a atacar als corsaris turcs i va dilatar les negociacions tot el que va poder per a donar-los temps a arribar.<\/p>\n<figure id=\"attachment_10632\" aria-describedby=\"caption-attachment-10632\" style=\"width: 733px\" class=\"wp-caption alignnone\"><img decoding=\"async\" class=\"wp-image-10632 size-full\" src=\"https:\/\/www.esnautic.com\/wp-content\/uploads\/2024\/01\/Imagen-portada-ok.jpg\" alt=\"\" width=\"733\" height=\"1106\" srcset=\"https:\/\/www.esnautic.com\/wp-content\/uploads\/2024\/01\/Imagen-portada-ok.jpg 733w, https:\/\/www.esnautic.com\/wp-content\/uploads\/2024\/01\/Imagen-portada-ok-199x300.jpg 199w, https:\/\/www.esnautic.com\/wp-content\/uploads\/2024\/01\/Imagen-portada-ok-679x1024.jpg 679w\" sizes=\"(max-width: 733px) 100vw, 733px\" \/><figcaption id=\"caption-attachment-10632\" class=\"wp-caption-text\">Portada del libro<\/figcaption><\/figure>\n<p>Quan els corsaris demanaven parlamentar, existia un lloc on es duien a terme les negociacions, situat entre La Xanga i es Cavallet. Avui es denomina Cala Recuita per\u00f2 llavors era conegut com a Cala Corsa o Cursa, en refer\u00e8ncia a una pres\u00e8ncia constant de corsaris estrangers en el seu litoral. L&#8217;avantatge que oferia aquest lloc \u00e9s que les embarcacions quedaven protegides pels penya-segats, a resguard dels canons de les torres de defensa, amb la possibilitat de vigilar des del cap que tanca el lloc les muralles d&#8217;Eivissa i l&#8217;entrada al seu port, podent a m\u00e9s sortir velo\u00e7os cap a s\u2019Espalmador i Formentera si calgu\u00e9s.<\/p>\n<p>De les 14 goletas, varen partir nom\u00e9s set perqu\u00e8 portaven pocs soldats i a m\u00e9s es varen embarcar alguns residents a la badia per a ajudar-los en l&#8217;intent d&#8217;atrapar als turcs. El governador els hi va enviar tropes, per\u00f2 no arribaren a temps i tampoc varen poder embarcar-les per la costa, cam\u00ed a l&#8217;est, a causa del mal temps.<\/p>\n<p>Quan varen arribar, les galiotes varen sortir fugint cap s\u2019Espardell. La galera capitana del duc de Tursi va envestir a la m\u00e9s petita, enfonsant-la. Es va anar a pic amb un centenar d&#8217;esclaus cristians, que servien com a remers encadenats als bancs. L&#8217;altra galiota i la fragata que esperava m\u00e9s lluny varen aconseguir escapar i mai m\u00e9s es va saber del captiu eivissenc pel qual s&#8217;havia iniciat la negociaci\u00f3. Tamb\u00e9 varen morir alguns tripulants de la galera capitana i varen ser capturats dotzenes de corsaris turcs, que es varen llan\u00e7ar a la mar durant l&#8217;enfonsament.<\/p>\n<figure id=\"attachment_10626\" aria-describedby=\"caption-attachment-10626\" style=\"width: 1400px\" class=\"wp-caption alignnone\"><img decoding=\"async\" class=\"wp-image-10626 size-full\" src=\"https:\/\/www.esnautic.com\/wp-content\/uploads\/2024\/01\/argel-rec.jpg\" alt=\"\" width=\"1400\" height=\"986\" srcset=\"https:\/\/www.esnautic.com\/wp-content\/uploads\/2024\/01\/argel-rec.jpg 1400w, https:\/\/www.esnautic.com\/wp-content\/uploads\/2024\/01\/argel-rec-300x211.jpg 300w, https:\/\/www.esnautic.com\/wp-content\/uploads\/2024\/01\/argel-rec-1024x721.jpg 1024w, https:\/\/www.esnautic.com\/wp-content\/uploads\/2024\/01\/argel-rec-768x541.jpg 768w, https:\/\/www.esnautic.com\/wp-content\/uploads\/2024\/01\/argel-rec-120x86.jpg 120w, https:\/\/www.esnautic.com\/wp-content\/uploads\/2024\/01\/argel-rec-750x528.jpg 750w, https:\/\/www.esnautic.com\/wp-content\/uploads\/2024\/01\/argel-rec-1140x803.jpg 1140w\" sizes=\"(max-width: 1400px) 100vw, 1400px\" \/><figcaption id=\"caption-attachment-10626\" class=\"wp-caption-text\">Grabado de la \u00e9poca de la ciudad de Argel<\/figcaption><\/figure>\n<p>Ferrer Ab\u00e1rzuza no sols va explicar amb tot detall aquests esdeveniments, sin\u00f3 que va aprofundir en aquest protocol de rescat de captius, que emprava el governador d&#8217;Eivissa i que els seus enemics tamb\u00e9 coneixien i utilitzaven.<\/p>\n<p>Per la seua banda, Marcus Heinrich Hermanns va aprofundir en la import\u00e0ncia de la badia de Portmany com a refugi en aquella \u00e8poca, aportant altres exemples d&#8217;esquadres navals importants que varen buscar l&#8217;abric de Sant Antoni per a fer escala en els seus viatges, aprovisionar el celler amb aigua dol\u00e7a o posar-se a resguard de les tempestes.<\/p>\n<p>Hermanns, a m\u00e9s, va oferir m\u00faltiples detalls sobre l&#8217;estructura d&#8217;aquestes embarcacions, que compaginaven la vela amb els rems, de quina manera estaven artilladas i la relaci\u00f3 amb m\u00faltiples derelictes i jaciments arqueol\u00f2gics submarins de l&#8217;illa. Fins i tot va al\u00b7ludir a uns falconetes trobats a s\u2019Espardell, a la zona on va oc\u00f3rrer aquesta batalla, segons la cr\u00f2nica de principis del segle XVII de Gaspar Escolano, que podrien haver pertangut a la galiota enfonsada.<\/p>\n<figure id=\"attachment_10630\" aria-describedby=\"caption-attachment-10630\" style=\"width: 1400px\" class=\"wp-caption alignnone\"><img decoding=\"async\" class=\"wp-image-10630 size-full\" src=\"https:\/\/www.esnautic.com\/wp-content\/uploads\/2024\/01\/Imagen-3-rec.jpg\" alt=\"\" width=\"1400\" height=\"956\" srcset=\"https:\/\/www.esnautic.com\/wp-content\/uploads\/2024\/01\/Imagen-3-rec.jpg 1400w, https:\/\/www.esnautic.com\/wp-content\/uploads\/2024\/01\/Imagen-3-rec-300x205.jpg 300w, https:\/\/www.esnautic.com\/wp-content\/uploads\/2024\/01\/Imagen-3-rec-1024x699.jpg 1024w, https:\/\/www.esnautic.com\/wp-content\/uploads\/2024\/01\/Imagen-3-rec-768x524.jpg 768w, https:\/\/www.esnautic.com\/wp-content\/uploads\/2024\/01\/Imagen-3-rec-750x512.jpg 750w, https:\/\/www.esnautic.com\/wp-content\/uploads\/2024\/01\/Imagen-3-rec-1140x778.jpg 1140w\" sizes=\"(max-width: 1400px) 100vw, 1400px\" \/><figcaption id=\"caption-attachment-10630\" class=\"wp-caption-text\">Ilustraci\u00f3n de una galeota de la \u00e9poca. A. Konstam &amp; T. Bryan, Renaissance War Galley, 1470-1590<\/figcaption><\/figure>\n<p>N&#8217;Antoni Tur Torres va explicar la import\u00e0ncia de les salines com a pol d&#8217;atracci\u00f3 del corsarismo turc i barbaresc, ja que la producci\u00f3 de sal garantia un tr\u00e0nsit d&#8217;entre 50 i 150 naus la temporada en qu\u00e8 es carregava el mineral i a m\u00e9s una gran part de la poblaci\u00f3 eivissenca es concentrava a treballar als estanys.<\/p>\n<p>Va ser, sens dubte, una confer\u00e8ncia interessant\u00edssima, que va revelar innombrables aspectes de la hist\u00f2ria naval eivissenca que el p\u00fablic desconeixia.<\/p>\n<p><strong>Sobre els conferenciants<\/strong><\/p>\n<p>Antoni Ferrer Ab\u00e1rzuza va n\u00e9ixer a Eivissa el 1970, \u00e9s llicenciat en Hist\u00f2ria per la Universitat de Barcelona i es va doctorar amb la tesi \u2018Captius o esclaus a Eivissa, segles XIII-XVI\u2019, que va obtenir el premi extraordinari a la Universitat Aut\u00f2noma de Barcelona. Ha estat professor associat d&#8217;hist\u00f2ria medieval en aquesta universitat i actualment \u00e9s t\u00e8cnic de patrimoni del Consell Insular de Formentera. Ha publicat nombrosos llibres i articles sobre hist\u00f2ria i arqueologia.<\/p>\n<p>Marcus Heinrich Hermanns va n\u00e9ixer a M\u00f6nchengladbach, Alemanya, el 1973, encara que de nen va venir a viure a Eivissa. \u00c9s llicenciat en Arqueologia, Prehist\u00f2ria i Hist\u00f2ria Antiga per la Universitat de Col\u00f2nia, on tamb\u00e9 es va doctorar en Arqueologia. Ha estat professor associat en diverses universitats alemanyes, va treballar com a investigador per al departament a Madrid de l&#8217;Institut Alemany d&#8217;Arqueologia i tamb\u00e9 ha impartit classes al nostre pa\u00eds. A m\u00e9s, \u00e9s bus professional, instructor de busseig cient\u00edfic i ha guanyat el Premi Vuit d\u2019Agost del Consell Insular en dos ocasions, pels seus treballs sobre el patrimoni arqueol\u00f2gic submar\u00ed i el patrimoni miner a les illes pitiusas.<\/p>\n<p>Antoni Tur Torres va n\u00e9ixer a Eivissa el 1975 i \u00e9s llicenciat en Hist\u00f2ria per la Universitat de les Illes Balears. Ha publicat diferents llibres i estudis sobre la hist\u00f2ria moderna i contempor\u00e0nia d&#8217;Eivissa i \u00e9s considerat un expert en la ind\u00fastria salinera. La seua obra ha estat guardonada amb el Premi de Recerca Josep Ricart i Giralt, concedit pel Museu Mar\u00edtim de Barcelona.<\/p>\n<p><img decoding=\"async\" class=\"alignnone wp-image-10638 size-full\" src=\"https:\/\/www.esnautic.com\/wp-content\/uploads\/2024\/01\/IMG_5139rec.jpg\" alt=\"\" width=\"1400\" height=\"933\" srcset=\"https:\/\/www.esnautic.com\/wp-content\/uploads\/2024\/01\/IMG_5139rec.jpg 1400w, https:\/\/www.esnautic.com\/wp-content\/uploads\/2024\/01\/IMG_5139rec-300x200.jpg 300w, https:\/\/www.esnautic.com\/wp-content\/uploads\/2024\/01\/IMG_5139rec-1024x682.jpg 1024w, https:\/\/www.esnautic.com\/wp-content\/uploads\/2024\/01\/IMG_5139rec-768x512.jpg 768w, https:\/\/www.esnautic.com\/wp-content\/uploads\/2024\/01\/IMG_5139rec-750x500.jpg 750w, https:\/\/www.esnautic.com\/wp-content\/uploads\/2024\/01\/IMG_5139rec-1140x760.jpg 1140w\" sizes=\"(max-width: 1400px) 100vw, 1400px\" \/><\/p>\n","protected":false},"excerpt":{"rendered":"<p>El cicle de tert\u00falies \u2018Xerrades Essencials\u2019 va tornar el divendres, 19 de gener, a Es N\u00e0utic, amb la presentaci\u00f3 del llibre \u2018Galiotes! Una batalla oblidada\u2019, editat per l&#8217;Associaci\u00f3 Mar\u00edtima Cultural [&hellip;]<\/p>\n","protected":false},"author":2,"featured_media":10642,"comment_status":"open","ping_status":"open","sticky":false,"template":"","format":"standard","meta":{"_acf_changed":false,"jnews-multi-image_gallery":[],"jnews_single_post":{"subtitle":"","format":"standard","video":"","gallery":"","source_name":"","source_url":"","via_name":"","via_url":"","override_template":"0","override":[{"template":"3","single_blog_custom":"","parallax":"1","fullscreen":"1","layout":"right-sidebar","sidebar":"default-sidebar","second_sidebar":"default-sidebar","sticky_sidebar":"0","share_position":"bottom","share_float_style":"share-monocrhome","show_share_counter":"1","show_view_counter":"1","show_featured":"1","show_post_meta":"1","show_post_author":"0","show_post_author_image":"1","show_post_date":"1","post_date_format":"default","post_date_format_custom":"Y\/m\/d","show_post_category":"1","show_post_reading_time":"0","post_reading_time_wpm":"300","show_zoom_button":"0","zoom_button_out_step":"2","zoom_button_in_step":"3","show_post_tag":"1","show_prev_next_post":"0","show_popup_post":"0","number_popup_post":"2","show_author_box":"0","show_post_related":"1","show_inline_post_related":"0","post_calculate_word_method":"str_word_count"}],"override_image_size":"0","image_override":[{"single_post_thumbnail_size":"crop-715","single_post_gallery_size":"crop-500"}],"trending_post":"0","trending_post_position":"meta","trending_post_label":"Trending","sponsored_post":"0","sponsored_post_label":"Sponsored by","sponsored_post_name":"","sponsored_post_url":"","sponsored_post_logo_enable":"0","sponsored_post_logo":"","sponsored_post_desc":"","disable_ad":"0"},"jnews_primary_category":{"id":"","hide":""},"jnews_override_counter":{"override_view_counter":"0","view_counter_number":"0","override_share_counter":"0","share_counter_number":"0","override_like_counter":"0","like_counter_number":"0","override_dislike_counter":"0","dislike_counter_number":"0"},"footnotes":""},"categories":[92],"tags":[],"class_list":["post-27209","post","type-post","status-publish","format-standard","has-post-thumbnail","hentry","category-reportatges"],"acf":[],"yoast_head":"<!-- This site is optimized with the Yoast SEO plugin v26.7 - https:\/\/yoast.com\/wordpress\/plugins\/seo\/ -->\n<title>El rescat d&#039;eivissencs captius en els temps perillosos dels corsaris - Es N\u00e0utic<\/title>\n<meta name=\"robots\" content=\"index, follow, max-snippet:-1, max-image-preview:large, max-video-preview:-1\" \/>\n<link rel=\"canonical\" href=\"https:\/\/www.esnautic.com\/ca\/corporatiu\/reportatges\/el-rescat-deivissencs-captius-en-els-temps-perillosos-dels-corsaris\/\" \/>\n<meta property=\"og:locale\" content=\"ca_ES\" \/>\n<meta property=\"og:type\" content=\"article\" \/>\n<meta property=\"og:title\" content=\"El rescat d&#039;eivissencs captius en els temps perillosos dels corsaris - Es N\u00e0utic\" \/>\n<meta property=\"og:description\" content=\"El cicle de tert\u00falies \u2018Xerrades Essencials\u2019 va tornar el divendres, 19 de gener, a Es N\u00e0utic, amb la presentaci\u00f3 del llibre \u2018Galiotes! Una batalla oblidada\u2019, editat per l&#8217;Associaci\u00f3 Mar\u00edtima Cultural [&hellip;]\" \/>\n<meta property=\"og:url\" content=\"https:\/\/www.esnautic.com\/ca\/corporatiu\/reportatges\/el-rescat-deivissencs-captius-en-els-temps-perillosos-dels-corsaris\/\" \/>\n<meta property=\"og:site_name\" content=\"Es N\u00e0utic\" \/>\n<meta property=\"article:published_time\" content=\"2024-01-22T13:10:27+00:00\" \/>\n<meta property=\"article:modified_time\" content=\"2025-07-02T13:11:19+00:00\" \/>\n<meta property=\"og:image\" content=\"https:\/\/www.esnautic.com\/wp-content\/uploads\/2024\/01\/Imagen-2-rec.jpg\" \/>\n\t<meta property=\"og:image:width\" content=\"1157\" \/>\n\t<meta property=\"og:image:height\" content=\"771\" \/>\n\t<meta property=\"og:image:type\" content=\"image\/jpeg\" \/>\n<meta name=\"author\" content=\"xescu\" \/>\n<meta name=\"twitter:card\" content=\"summary_large_image\" \/>\n<meta name=\"twitter:label1\" content=\"Escrit per\" \/>\n\t<meta name=\"twitter:data1\" content=\"xescu\" \/>\n\t<meta name=\"twitter:label2\" content=\"Temps estimat de lectura\" \/>\n\t<meta name=\"twitter:data2\" content=\"7 minuts\" \/>\n<script type=\"application\/ld+json\" class=\"yoast-schema-graph\">{\"@context\":\"https:\/\/schema.org\",\"@graph\":[{\"@type\":\"Article\",\"@id\":\"https:\/\/www.esnautic.com\/ca\/corporatiu\/reportatges\/el-rescat-deivissencs-captius-en-els-temps-perillosos-dels-corsaris\/#article\",\"isPartOf\":{\"@id\":\"https:\/\/www.esnautic.com\/ca\/corporatiu\/reportatges\/el-rescat-deivissencs-captius-en-els-temps-perillosos-dels-corsaris\/\"},\"author\":{\"name\":\"xescu\",\"@id\":\"https:\/\/www.esnautic.com\/#\/schema\/person\/157bc037c5329948c11ef8bde26fc9c2\"},\"headline\":\"El rescat d&#8217;eivissencs captius en els temps perillosos dels corsaris\",\"datePublished\":\"2024-01-22T13:10:27+00:00\",\"dateModified\":\"2025-07-02T13:11:19+00:00\",\"mainEntityOfPage\":{\"@id\":\"https:\/\/www.esnautic.com\/ca\/corporatiu\/reportatges\/el-rescat-deivissencs-captius-en-els-temps-perillosos-dels-corsaris\/\"},\"wordCount\":1378,\"commentCount\":0,\"image\":{\"@id\":\"https:\/\/www.esnautic.com\/ca\/corporatiu\/reportatges\/el-rescat-deivissencs-captius-en-els-temps-perillosos-dels-corsaris\/#primaryimage\"},\"thumbnailUrl\":\"https:\/\/www.esnautic.com\/wp-content\/uploads\/2024\/01\/Imagen-2-rec.jpg\",\"articleSection\":[\"Reportatges\"],\"inLanguage\":\"ca\",\"potentialAction\":[{\"@type\":\"CommentAction\",\"name\":\"Comment\",\"target\":[\"https:\/\/www.esnautic.com\/ca\/corporatiu\/reportatges\/el-rescat-deivissencs-captius-en-els-temps-perillosos-dels-corsaris\/#respond\"]}]},{\"@type\":\"WebPage\",\"@id\":\"https:\/\/www.esnautic.com\/ca\/corporatiu\/reportatges\/el-rescat-deivissencs-captius-en-els-temps-perillosos-dels-corsaris\/\",\"url\":\"https:\/\/www.esnautic.com\/ca\/corporatiu\/reportatges\/el-rescat-deivissencs-captius-en-els-temps-perillosos-dels-corsaris\/\",\"name\":\"El rescat d'eivissencs captius en els temps perillosos dels corsaris - Es N\u00e0utic\",\"isPartOf\":{\"@id\":\"https:\/\/www.esnautic.com\/#website\"},\"primaryImageOfPage\":{\"@id\":\"https:\/\/www.esnautic.com\/ca\/corporatiu\/reportatges\/el-rescat-deivissencs-captius-en-els-temps-perillosos-dels-corsaris\/#primaryimage\"},\"image\":{\"@id\":\"https:\/\/www.esnautic.com\/ca\/corporatiu\/reportatges\/el-rescat-deivissencs-captius-en-els-temps-perillosos-dels-corsaris\/#primaryimage\"},\"thumbnailUrl\":\"https:\/\/www.esnautic.com\/wp-content\/uploads\/2024\/01\/Imagen-2-rec.jpg\",\"datePublished\":\"2024-01-22T13:10:27+00:00\",\"dateModified\":\"2025-07-02T13:11:19+00:00\",\"author\":{\"@id\":\"https:\/\/www.esnautic.com\/#\/schema\/person\/157bc037c5329948c11ef8bde26fc9c2\"},\"breadcrumb\":{\"@id\":\"https:\/\/www.esnautic.com\/ca\/corporatiu\/reportatges\/el-rescat-deivissencs-captius-en-els-temps-perillosos-dels-corsaris\/#breadcrumb\"},\"inLanguage\":\"ca\",\"potentialAction\":[{\"@type\":\"ReadAction\",\"target\":[\"https:\/\/www.esnautic.com\/ca\/corporatiu\/reportatges\/el-rescat-deivissencs-captius-en-els-temps-perillosos-dels-corsaris\/\"]}]},{\"@type\":\"ImageObject\",\"inLanguage\":\"ca\",\"@id\":\"https:\/\/www.esnautic.com\/ca\/corporatiu\/reportatges\/el-rescat-deivissencs-captius-en-els-temps-perillosos-dels-corsaris\/#primaryimage\",\"url\":\"https:\/\/www.esnautic.com\/wp-content\/uploads\/2024\/01\/Imagen-2-rec.jpg\",\"contentUrl\":\"https:\/\/www.esnautic.com\/wp-content\/uploads\/2024\/01\/Imagen-2-rec.jpg\",\"width\":1157,\"height\":771,\"caption\":\"Ex-voto de la parroquia de Sant Antoni. Fotografia: Jos\u00e9 Juan Gonz\u00e1lvez\"},{\"@type\":\"BreadcrumbList\",\"@id\":\"https:\/\/www.esnautic.com\/ca\/corporatiu\/reportatges\/el-rescat-deivissencs-captius-en-els-temps-perillosos-dels-corsaris\/#breadcrumb\",\"itemListElement\":[{\"@type\":\"ListItem\",\"position\":1,\"name\":\"Inici\",\"item\":\"https:\/\/www.esnautic.com\/ca\/\"},{\"@type\":\"ListItem\",\"position\":2,\"name\":\"El rescat d&#8217;eivissencs captius en els temps perillosos dels corsaris\"}]},{\"@type\":\"WebSite\",\"@id\":\"https:\/\/www.esnautic.com\/#website\",\"url\":\"https:\/\/www.esnautic.com\/\",\"name\":\"Es N\u00e0utic\",\"description\":\"Club N\u00e0utic Sant Antoni\",\"potentialAction\":[{\"@type\":\"SearchAction\",\"target\":{\"@type\":\"EntryPoint\",\"urlTemplate\":\"https:\/\/www.esnautic.com\/?s={search_term_string}\"},\"query-input\":{\"@type\":\"PropertyValueSpecification\",\"valueRequired\":true,\"valueName\":\"search_term_string\"}}],\"inLanguage\":\"ca\"},{\"@type\":\"Person\",\"@id\":\"https:\/\/www.esnautic.com\/#\/schema\/person\/157bc037c5329948c11ef8bde26fc9c2\",\"name\":\"xescu\",\"image\":{\"@type\":\"ImageObject\",\"inLanguage\":\"ca\",\"@id\":\"https:\/\/www.esnautic.com\/#\/schema\/person\/image\/\",\"url\":\"https:\/\/secure.gravatar.com\/avatar\/d569ee5739a9c7022470ea472c9b4b9cf476e15f1be71e5242c911d673d14ad9?s=96&d=mm&r=g\",\"contentUrl\":\"https:\/\/secure.gravatar.com\/avatar\/d569ee5739a9c7022470ea472c9b4b9cf476e15f1be71e5242c911d673d14ad9?s=96&d=mm&r=g\",\"caption\":\"xescu\"},\"url\":\"https:\/\/www.esnautic.com\/ca\/author\/xescu\/\"}]}<\/script>\n<!-- \/ Yoast SEO plugin. -->","yoast_head_json":{"title":"El rescat d'eivissencs captius en els temps perillosos dels corsaris - Es N\u00e0utic","robots":{"index":"index","follow":"follow","max-snippet":"max-snippet:-1","max-image-preview":"max-image-preview:large","max-video-preview":"max-video-preview:-1"},"canonical":"https:\/\/www.esnautic.com\/ca\/corporatiu\/reportatges\/el-rescat-deivissencs-captius-en-els-temps-perillosos-dels-corsaris\/","og_locale":"ca_ES","og_type":"article","og_title":"El rescat d'eivissencs captius en els temps perillosos dels corsaris - Es N\u00e0utic","og_description":"El cicle de tert\u00falies \u2018Xerrades Essencials\u2019 va tornar el divendres, 19 de gener, a Es N\u00e0utic, amb la presentaci\u00f3 del llibre \u2018Galiotes! Una batalla oblidada\u2019, editat per l&#8217;Associaci\u00f3 Mar\u00edtima Cultural [&hellip;]","og_url":"https:\/\/www.esnautic.com\/ca\/corporatiu\/reportatges\/el-rescat-deivissencs-captius-en-els-temps-perillosos-dels-corsaris\/","og_site_name":"Es N\u00e0utic","article_published_time":"2024-01-22T13:10:27+00:00","article_modified_time":"2025-07-02T13:11:19+00:00","og_image":[{"width":1157,"height":771,"url":"https:\/\/www.esnautic.com\/wp-content\/uploads\/2024\/01\/Imagen-2-rec.jpg","type":"image\/jpeg"}],"author":"xescu","twitter_card":"summary_large_image","twitter_misc":{"Escrit per":"xescu","Temps estimat de lectura":"7 minuts"},"schema":{"@context":"https:\/\/schema.org","@graph":[{"@type":"Article","@id":"https:\/\/www.esnautic.com\/ca\/corporatiu\/reportatges\/el-rescat-deivissencs-captius-en-els-temps-perillosos-dels-corsaris\/#article","isPartOf":{"@id":"https:\/\/www.esnautic.com\/ca\/corporatiu\/reportatges\/el-rescat-deivissencs-captius-en-els-temps-perillosos-dels-corsaris\/"},"author":{"name":"xescu","@id":"https:\/\/www.esnautic.com\/#\/schema\/person\/157bc037c5329948c11ef8bde26fc9c2"},"headline":"El rescat d&#8217;eivissencs captius en els temps perillosos dels corsaris","datePublished":"2024-01-22T13:10:27+00:00","dateModified":"2025-07-02T13:11:19+00:00","mainEntityOfPage":{"@id":"https:\/\/www.esnautic.com\/ca\/corporatiu\/reportatges\/el-rescat-deivissencs-captius-en-els-temps-perillosos-dels-corsaris\/"},"wordCount":1378,"commentCount":0,"image":{"@id":"https:\/\/www.esnautic.com\/ca\/corporatiu\/reportatges\/el-rescat-deivissencs-captius-en-els-temps-perillosos-dels-corsaris\/#primaryimage"},"thumbnailUrl":"https:\/\/www.esnautic.com\/wp-content\/uploads\/2024\/01\/Imagen-2-rec.jpg","articleSection":["Reportatges"],"inLanguage":"ca","potentialAction":[{"@type":"CommentAction","name":"Comment","target":["https:\/\/www.esnautic.com\/ca\/corporatiu\/reportatges\/el-rescat-deivissencs-captius-en-els-temps-perillosos-dels-corsaris\/#respond"]}]},{"@type":"WebPage","@id":"https:\/\/www.esnautic.com\/ca\/corporatiu\/reportatges\/el-rescat-deivissencs-captius-en-els-temps-perillosos-dels-corsaris\/","url":"https:\/\/www.esnautic.com\/ca\/corporatiu\/reportatges\/el-rescat-deivissencs-captius-en-els-temps-perillosos-dels-corsaris\/","name":"El rescat d'eivissencs captius en els temps perillosos dels corsaris - Es N\u00e0utic","isPartOf":{"@id":"https:\/\/www.esnautic.com\/#website"},"primaryImageOfPage":{"@id":"https:\/\/www.esnautic.com\/ca\/corporatiu\/reportatges\/el-rescat-deivissencs-captius-en-els-temps-perillosos-dels-corsaris\/#primaryimage"},"image":{"@id":"https:\/\/www.esnautic.com\/ca\/corporatiu\/reportatges\/el-rescat-deivissencs-captius-en-els-temps-perillosos-dels-corsaris\/#primaryimage"},"thumbnailUrl":"https:\/\/www.esnautic.com\/wp-content\/uploads\/2024\/01\/Imagen-2-rec.jpg","datePublished":"2024-01-22T13:10:27+00:00","dateModified":"2025-07-02T13:11:19+00:00","author":{"@id":"https:\/\/www.esnautic.com\/#\/schema\/person\/157bc037c5329948c11ef8bde26fc9c2"},"breadcrumb":{"@id":"https:\/\/www.esnautic.com\/ca\/corporatiu\/reportatges\/el-rescat-deivissencs-captius-en-els-temps-perillosos-dels-corsaris\/#breadcrumb"},"inLanguage":"ca","potentialAction":[{"@type":"ReadAction","target":["https:\/\/www.esnautic.com\/ca\/corporatiu\/reportatges\/el-rescat-deivissencs-captius-en-els-temps-perillosos-dels-corsaris\/"]}]},{"@type":"ImageObject","inLanguage":"ca","@id":"https:\/\/www.esnautic.com\/ca\/corporatiu\/reportatges\/el-rescat-deivissencs-captius-en-els-temps-perillosos-dels-corsaris\/#primaryimage","url":"https:\/\/www.esnautic.com\/wp-content\/uploads\/2024\/01\/Imagen-2-rec.jpg","contentUrl":"https:\/\/www.esnautic.com\/wp-content\/uploads\/2024\/01\/Imagen-2-rec.jpg","width":1157,"height":771,"caption":"Ex-voto de la parroquia de Sant Antoni. Fotografia: Jos\u00e9 Juan Gonz\u00e1lvez"},{"@type":"BreadcrumbList","@id":"https:\/\/www.esnautic.com\/ca\/corporatiu\/reportatges\/el-rescat-deivissencs-captius-en-els-temps-perillosos-dels-corsaris\/#breadcrumb","itemListElement":[{"@type":"ListItem","position":1,"name":"Inici","item":"https:\/\/www.esnautic.com\/ca\/"},{"@type":"ListItem","position":2,"name":"El rescat d&#8217;eivissencs captius en els temps perillosos dels corsaris"}]},{"@type":"WebSite","@id":"https:\/\/www.esnautic.com\/#website","url":"https:\/\/www.esnautic.com\/","name":"Es N\u00e0utic","description":"Club N\u00e0utic Sant Antoni","potentialAction":[{"@type":"SearchAction","target":{"@type":"EntryPoint","urlTemplate":"https:\/\/www.esnautic.com\/?s={search_term_string}"},"query-input":{"@type":"PropertyValueSpecification","valueRequired":true,"valueName":"search_term_string"}}],"inLanguage":"ca"},{"@type":"Person","@id":"https:\/\/www.esnautic.com\/#\/schema\/person\/157bc037c5329948c11ef8bde26fc9c2","name":"xescu","image":{"@type":"ImageObject","inLanguage":"ca","@id":"https:\/\/www.esnautic.com\/#\/schema\/person\/image\/","url":"https:\/\/secure.gravatar.com\/avatar\/d569ee5739a9c7022470ea472c9b4b9cf476e15f1be71e5242c911d673d14ad9?s=96&d=mm&r=g","contentUrl":"https:\/\/secure.gravatar.com\/avatar\/d569ee5739a9c7022470ea472c9b4b9cf476e15f1be71e5242c911d673d14ad9?s=96&d=mm&r=g","caption":"xescu"},"url":"https:\/\/www.esnautic.com\/ca\/author\/xescu\/"}]}},"_links":{"self":[{"href":"https:\/\/www.esnautic.com\/ca\/wp-json\/wp\/v2\/posts\/27209","targetHints":{"allow":["GET"]}}],"collection":[{"href":"https:\/\/www.esnautic.com\/ca\/wp-json\/wp\/v2\/posts"}],"about":[{"href":"https:\/\/www.esnautic.com\/ca\/wp-json\/wp\/v2\/types\/post"}],"author":[{"embeddable":true,"href":"https:\/\/www.esnautic.com\/ca\/wp-json\/wp\/v2\/users\/2"}],"replies":[{"embeddable":true,"href":"https:\/\/www.esnautic.com\/ca\/wp-json\/wp\/v2\/comments?post=27209"}],"version-history":[{"count":2,"href":"https:\/\/www.esnautic.com\/ca\/wp-json\/wp\/v2\/posts\/27209\/revisions"}],"predecessor-version":[{"id":27211,"href":"https:\/\/www.esnautic.com\/ca\/wp-json\/wp\/v2\/posts\/27209\/revisions\/27211"}],"wp:featuredmedia":[{"embeddable":true,"href":"https:\/\/www.esnautic.com\/ca\/wp-json\/wp\/v2\/media\/10642"}],"wp:attachment":[{"href":"https:\/\/www.esnautic.com\/ca\/wp-json\/wp\/v2\/media?parent=27209"}],"wp:term":[{"taxonomy":"category","embeddable":true,"href":"https:\/\/www.esnautic.com\/ca\/wp-json\/wp\/v2\/categories?post=27209"},{"taxonomy":"post_tag","embeddable":true,"href":"https:\/\/www.esnautic.com\/ca\/wp-json\/wp\/v2\/tags?post=27209"}],"curies":[{"name":"wp","href":"https:\/\/api.w.org\/{rel}","templated":true}]}}