{"id":31365,"date":"2025-10-04T18:07:21","date_gmt":"2025-10-04T16:07:21","guid":{"rendered":"https:\/\/www.esnautic.com\/sense-categoritzar\/el-grancanario-angel-granda-se-situa-al-frente-del-ibiza-wingfoil-open-tras-las-seis-pruebas-disputadas-hoy\/"},"modified":"2025-10-04T18:13:16","modified_gmt":"2025-10-04T16:13:16","slug":"el-grancanari-angel-granda-es-situa-al-capdavant-de-libiza-wingfoil-open-despres-de-les-sis-proves-disputades-avui","status":"publish","type":"post","link":"https:\/\/www.esnautic.com\/ca\/area-esportiva\/vela\/tdv\/el-grancanari-angel-granda-es-situa-al-capdavant-de-libiza-wingfoil-open-despres-de-les-sis-proves-disputades-avui\/","title":{"rendered":"El grancanari \u00c1ngel Granda es situa al capdavant de l&#8217;Ibiza Wingfoil Open, despr\u00e9s de les sis proves disputades avui"},"content":{"rendered":"<p><span style=\"font-family: -apple-system, BlinkMacSystemFont, 'Segoe UI', Roboto, Oxygen-Sans, Ubuntu, Cantarell, 'Helvetica Neue', sans-serif;\">El regatista \u00c1ngel Granda, del Real Club N\u00e0utic de Gran Can\u00e0ria, s&#8217;ha situat al capdavant de la classificaci\u00f3 provisional absoluta de l&#8217;Eivissa Wingfoil Open Copa d&#8217;Espanya (IWO), seguit dels seus compatriotes Alberto Citzia i Ancor Yone Fada, despr\u00e9s de la segona jornada de competici\u00f3 que s&#8217;ha celebrat a partir d&#8217;aquest migdia en la badia de Portmany. En aquesta ocasi\u00f3 el ferri que trasllada als regatistes fins al camp de regates ha fondejat al costat de l&#8217;illot de sa Conillera. All\u00ed, igual que ahir, s&#8217;han disputat un total de sis proves en condicions \u00f2ptimes, la meitat contra vent i la resta a favor, d&#8217;uns deu minuts de durada cadascuna, amb vents del sud-oest d&#8217;entre deu i dotze nusos.<\/span><\/p>\n<p><span style=\"font-family: -apple-system, BlinkMacSystemFont, 'Segoe UI', Roboto, Oxygen-Sans, Ubuntu, Cantarell, 'Helvetica Neue', sans-serif;\">A continuaci\u00f3, s&#8217;indiquen els primers classificats de cada categoria: Gran Master Home 1\u00ba Juan L\u00f3pez, 2\u00ba Fernando Salgado, 3\u00ba Jaime Arias; Gran Master Dona 1\u00aa Carmen Perteg\u00e1s, 2\u00aa Nieves Florit, 3\u00aa Mar\u00eda Paz Pastor; Juvenil Sub 19 Home 1\u00ba Ancor Yone Sosa, 2\u00ba Manuel Morillo, 3\u00ba Leo Zabell; Juvenil Sub 19 Dona 1\u00aa Leya Segu\u00ed, 2\u00aa Ariadna Riutort, 3\u00aa Clara Gabarro; Master Home 1\u00ba Mario Fern\u00e1ndez, 2\u00ba Regy Dils, 3\u00ba Anton Kuzmenko; Senior Home 1\u00ba \u00c1ngel Granda, 2\u00ba Jeremy Rodr\u00edguez, 3\u00ba Sim\u00f3n Codo\u00f1er; Senior Dona 1\u00aa Mar de Arce, 2\u00aa Alba Nieto; Sub 16 Home 1\u00ba Dino Loiacono, 2\u00ba Nico Mingione, 3\u00ba Luis L\u00f3pez, i Sub 16 Dona 1\u00aa Neus Peric\u00e1s, 2\u00aa Kayla Nicolau, 3\u00aa Valentina Cifre. El primer classificat del CNSA \u00e9s Leo Kleine, en el lloc 25\u00e8.<\/span><\/p>\n<figure id=\"attachment_31358\" aria-describedby=\"caption-attachment-31358\" style=\"width: 1400px\" class=\"wp-caption alignnone\"><img decoding=\"async\" class=\"wp-image-31358 size-full\" src=\"https:\/\/www.esnautic.com\/wp-content\/uploads\/2025\/10\/A7_04968.jpg\" alt=\"\" width=\"1400\" height=\"933\" srcset=\"https:\/\/www.esnautic.com\/wp-content\/uploads\/2025\/10\/A7_04968.jpg 1400w, https:\/\/www.esnautic.com\/wp-content\/uploads\/2025\/10\/A7_04968-300x200.jpg 300w, https:\/\/www.esnautic.com\/wp-content\/uploads\/2025\/10\/A7_04968-1024x682.jpg 1024w, https:\/\/www.esnautic.com\/wp-content\/uploads\/2025\/10\/A7_04968-768x512.jpg 768w, https:\/\/www.esnautic.com\/wp-content\/uploads\/2025\/10\/A7_04968-750x500.jpg 750w, https:\/\/www.esnautic.com\/wp-content\/uploads\/2025\/10\/A7_04968-1140x760.jpg 1140w\" sizes=\"(max-width: 1400px) 100vw, 1400px\" \/><figcaption id=\"caption-attachment-31358\" class=\"wp-caption-text\">Pedro Sell\u00e9s<\/figcaption><\/figure>\n<p>Cal recordar que, en el IWO, a difer\u00e8ncia de les altres competicions del circuit nacional de wingfoil, que parteixen des de la riba de la platja, els competidors s\u2019embarquen per a despla\u00e7ar-se al lloc de la badia amb millors condicions de vent. Els participants procedeixen de la Comunitat Valenciana, Can\u00e0ries, Andalusia, Castella-la Manxa, Navarra i, sobretot Balears, que \u00e9s la regi\u00f3 que m\u00e9s participants aporta.<\/p>\n<p>El wingfoil \u00e9s una modalitat en plena expansi\u00f3 que es posiciona com a l\u00edder per a entrar com a disciplina ol\u00edmpica de cara a Los Angeles 2028. Presenta un format competitiu dividit en tres modalitats: Freestyle, Wave i Race. Els formats Freestyle i Wave es solen celebrar junts, en espots d\u2019ones, i per al Race, que \u00e9s el que s\u2019est\u00e0 disputant a l\u2019illa, es trien espots amb mar plana, sota un format de recorreguts i opcions m\u00e9s complex que la resta. A m\u00e9s, el wingfoil est\u00e0 obrint moltes destinacions tur\u00edstiques-esportives a nivell internacional, entre els quals es pret\u00e9n incloure Eivissa. Les condicions de vent durant tot l\u2019any fan que l\u2019illa resulti un lloc idoni per la possibilitat de diferents espots que envolten l\u2019illa, depenent de la direcci\u00f3 del vent i les condicions de la mar. La badia de Portmany \u00e9s, sens dubte, una de les millors zones, amb l\u2019entorn de Platges de Comte i es Pinet com espots d\u2019ones, i l\u2019interior per a Race i principiants.<\/p>\n<figure id=\"attachment_31352\" aria-describedby=\"caption-attachment-31352\" style=\"width: 1400px\" class=\"wp-caption alignnone\"><img decoding=\"async\" class=\"wp-image-31352 size-full\" src=\"https:\/\/www.esnautic.com\/wp-content\/uploads\/2025\/10\/A7_04770.jpg\" alt=\"\" width=\"1400\" height=\"933\" srcset=\"https:\/\/www.esnautic.com\/wp-content\/uploads\/2025\/10\/A7_04770.jpg 1400w, https:\/\/www.esnautic.com\/wp-content\/uploads\/2025\/10\/A7_04770-300x200.jpg 300w, https:\/\/www.esnautic.com\/wp-content\/uploads\/2025\/10\/A7_04770-1024x682.jpg 1024w, https:\/\/www.esnautic.com\/wp-content\/uploads\/2025\/10\/A7_04770-768x512.jpg 768w, https:\/\/www.esnautic.com\/wp-content\/uploads\/2025\/10\/A7_04770-750x500.jpg 750w, https:\/\/www.esnautic.com\/wp-content\/uploads\/2025\/10\/A7_04770-1140x760.jpg 1140w\" sizes=\"(max-width: 1400px) 100vw, 1400px\" \/><figcaption id=\"caption-attachment-31352\" class=\"wp-caption-text\">Pedro Sell\u00e9s<\/figcaption><\/figure>\n<p>El Club N\u00e0utic Sant Antoni, que organitza l\u2019esdeveniment al costat de la Real Federaci\u00f3 Espanyola de Vela, porta diversos anys promocionant la modalitat i realitzant m\u00faltiples activitats de formaci\u00f3 i regates. El nou centre n\u00e0utic, que l\u2019entitat inaugurar\u00e0 el 2026, ser\u00e0 un punt de refer\u00e8ncia a l\u2019illa, en el qual es continuar\u00e0 promocionant aquest i altres esports de vent. La prova t\u00e9 el patrocini del Consell Insular d\u2019Eivissa, Caf\u00e9 del Mar i Bale\u00e0ria.<\/p>\n<p><a href=\"https:\/\/photos.google.com\/share\/AF1QipMWMKj7PC3hdaiczjLFoAzDWWCNBlGPCcCYn3jN60W8LQcJDnsvq3SavGgl5Dq3nw?key=QUNzSWY3WFU5RDF5YVF6MDIwMFNINEFUUGU5eU1n\" target=\"_blank\" rel=\"noopener\">Galeria d&#8217;imatges (segona jornada)<\/a><\/p>\n<p><a href=\"https:\/\/www.iwo.esnautic.com\/es\/default\/races\/race-resultsall\" target=\"_blank\" rel=\"noopener\">Classificaci\u00f3<\/a><\/p>\n<p>&nbsp;<\/p>\n","protected":false},"excerpt":{"rendered":"<p>El regatista \u00c1ngel Granda, del Real Club N\u00e0utic de Gran Can\u00e0ria, s&#8217;ha situat al capdavant de la classificaci\u00f3 provisional absoluta de l&#8217;Eivissa Wingfoil Open Copa d&#8217;Espanya (IWO), seguit dels seus [&hellip;]<\/p>\n","protected":false},"author":2,"featured_media":31347,"comment_status":"closed","ping_status":"closed","sticky":false,"template":"","format":"standard","meta":{"_acf_changed":false,"jnews-multi-image_gallery":[],"jnews_single_post":{"subtitle":"","format":"standard","override":[{"template":"3","parallax":"1","fullscreen":"1","layout":"right-sidebar","sidebar":"default-sidebar","second_sidebar":"default-sidebar","share_position":"bottom","share_float_style":"share-monocrhome","show_share_counter":"1","show_view_counter":"1","show_featured":"1","show_post_meta":"1","show_post_author_image":"1","show_post_date":"1","post_date_format":"default","post_date_format_custom":"Y\/m\/d","show_post_category":"1","show_post_reading_time":"0","post_reading_time_wpm":"300","post_calculate_word_method":"str_word_count","show_zoom_button":"0","zoom_button_out_step":"2","zoom_button_in_step":"3","show_post_tag":"1","number_popup_post":"2","show_post_related":"1"}],"image_override":[{"single_post_thumbnail_size":"crop-715","single_post_gallery_size":"crop-500"}],"trending_post_position":"meta","trending_post_label":"Trending","sponsored_post_label":"Sponsored by","disable_ad":"0"},"jnews_primary_category":[],"jnews_override_counter":{"view_counter_number":"0","share_counter_number":"0","like_counter_number":"0","dislike_counter_number":"0"},"footnotes":""},"categories":[118],"tags":[],"class_list":["post-31365","post","type-post","status-publish","format-standard","has-post-thumbnail","hentry","category-tdv"],"acf":[],"yoast_head":"<!-- This site is optimized with the Yoast SEO plugin v26.7 - https:\/\/yoast.com\/wordpress\/plugins\/seo\/ -->\n<title>El grancanari \u00c1ngel Granda es situa al capdavant de l&#039;Ibiza Wingfoil Open, despr\u00e9s de les sis proves disputades avui - Es N\u00e0utic<\/title>\n<meta name=\"robots\" content=\"index, follow, max-snippet:-1, max-image-preview:large, max-video-preview:-1\" \/>\n<link rel=\"canonical\" href=\"https:\/\/www.esnautic.com\/ca\/area-esportiva\/vela\/tdv\/el-grancanari-angel-granda-es-situa-al-capdavant-de-libiza-wingfoil-open-despres-de-les-sis-proves-disputades-avui\/\" \/>\n<meta property=\"og:locale\" content=\"ca_ES\" \/>\n<meta property=\"og:type\" content=\"article\" \/>\n<meta property=\"og:title\" content=\"El grancanari \u00c1ngel Granda es situa al capdavant de l&#039;Ibiza Wingfoil Open, despr\u00e9s de les sis proves disputades avui - Es N\u00e0utic\" \/>\n<meta property=\"og:description\" content=\"El regatista \u00c1ngel Granda, del Real Club N\u00e0utic de Gran Can\u00e0ria, s&#8217;ha situat al capdavant de la classificaci\u00f3 provisional absoluta de l&#8217;Eivissa Wingfoil Open Copa d&#8217;Espanya (IWO), seguit dels seus [&hellip;]\" \/>\n<meta property=\"og:url\" content=\"https:\/\/www.esnautic.com\/ca\/area-esportiva\/vela\/tdv\/el-grancanari-angel-granda-es-situa-al-capdavant-de-libiza-wingfoil-open-despres-de-les-sis-proves-disputades-avui\/\" \/>\n<meta property=\"og:site_name\" content=\"Es N\u00e0utic\" \/>\n<meta property=\"article:published_time\" content=\"2025-10-04T16:07:21+00:00\" \/>\n<meta property=\"article:modified_time\" content=\"2025-10-04T16:13:16+00:00\" \/>\n<meta property=\"og:image\" content=\"https:\/\/www.esnautic.com\/wp-content\/uploads\/2025\/10\/A7_04736-1.jpg\" \/>\n\t<meta property=\"og:image:width\" content=\"1400\" \/>\n\t<meta property=\"og:image:height\" content=\"933\" \/>\n\t<meta property=\"og:image:type\" content=\"image\/jpeg\" \/>\n<meta name=\"author\" content=\"xescu\" \/>\n<meta name=\"twitter:card\" content=\"summary_large_image\" \/>\n<meta name=\"twitter:label1\" content=\"Escrit per\" \/>\n\t<meta name=\"twitter:data1\" content=\"xescu\" \/>\n\t<meta name=\"twitter:label2\" content=\"Temps estimat de lectura\" \/>\n\t<meta name=\"twitter:data2\" content=\"4 minuts\" \/>\n<script type=\"application\/ld+json\" class=\"yoast-schema-graph\">{\"@context\":\"https:\/\/schema.org\",\"@graph\":[{\"@type\":\"Article\",\"@id\":\"https:\/\/www.esnautic.com\/ca\/area-esportiva\/vela\/tdv\/el-grancanari-angel-granda-es-situa-al-capdavant-de-libiza-wingfoil-open-despres-de-les-sis-proves-disputades-avui\/#article\",\"isPartOf\":{\"@id\":\"https:\/\/www.esnautic.com\/ca\/area-esportiva\/vela\/tdv\/el-grancanari-angel-granda-es-situa-al-capdavant-de-libiza-wingfoil-open-despres-de-les-sis-proves-disputades-avui\/\"},\"author\":{\"name\":\"xescu\",\"@id\":\"https:\/\/www.esnautic.com\/#\/schema\/person\/157bc037c5329948c11ef8bde26fc9c2\"},\"headline\":\"El grancanari \u00c1ngel Granda es situa al capdavant de l&#8217;Ibiza Wingfoil Open, despr\u00e9s de les sis proves disputades avui\",\"datePublished\":\"2025-10-04T16:07:21+00:00\",\"dateModified\":\"2025-10-04T16:13:16+00:00\",\"mainEntityOfPage\":{\"@id\":\"https:\/\/www.esnautic.com\/ca\/area-esportiva\/vela\/tdv\/el-grancanari-angel-granda-es-situa-al-capdavant-de-libiza-wingfoil-open-despres-de-les-sis-proves-disputades-avui\/\"},\"wordCount\":616,\"image\":{\"@id\":\"https:\/\/www.esnautic.com\/ca\/area-esportiva\/vela\/tdv\/el-grancanari-angel-granda-es-situa-al-capdavant-de-libiza-wingfoil-open-despres-de-les-sis-proves-disputades-avui\/#primaryimage\"},\"thumbnailUrl\":\"https:\/\/www.esnautic.com\/wp-content\/uploads\/2025\/10\/A7_04736-1.jpg\",\"articleSection\":[\"TDV\"],\"inLanguage\":\"ca\"},{\"@type\":\"WebPage\",\"@id\":\"https:\/\/www.esnautic.com\/ca\/area-esportiva\/vela\/tdv\/el-grancanari-angel-granda-es-situa-al-capdavant-de-libiza-wingfoil-open-despres-de-les-sis-proves-disputades-avui\/\",\"url\":\"https:\/\/www.esnautic.com\/ca\/area-esportiva\/vela\/tdv\/el-grancanari-angel-granda-es-situa-al-capdavant-de-libiza-wingfoil-open-despres-de-les-sis-proves-disputades-avui\/\",\"name\":\"El grancanari \u00c1ngel Granda es situa al capdavant de l'Ibiza Wingfoil Open, despr\u00e9s de les sis proves disputades avui - Es N\u00e0utic\",\"isPartOf\":{\"@id\":\"https:\/\/www.esnautic.com\/#website\"},\"primaryImageOfPage\":{\"@id\":\"https:\/\/www.esnautic.com\/ca\/area-esportiva\/vela\/tdv\/el-grancanari-angel-granda-es-situa-al-capdavant-de-libiza-wingfoil-open-despres-de-les-sis-proves-disputades-avui\/#primaryimage\"},\"image\":{\"@id\":\"https:\/\/www.esnautic.com\/ca\/area-esportiva\/vela\/tdv\/el-grancanari-angel-granda-es-situa-al-capdavant-de-libiza-wingfoil-open-despres-de-les-sis-proves-disputades-avui\/#primaryimage\"},\"thumbnailUrl\":\"https:\/\/www.esnautic.com\/wp-content\/uploads\/2025\/10\/A7_04736-1.jpg\",\"datePublished\":\"2025-10-04T16:07:21+00:00\",\"dateModified\":\"2025-10-04T16:13:16+00:00\",\"author\":{\"@id\":\"https:\/\/www.esnautic.com\/#\/schema\/person\/157bc037c5329948c11ef8bde26fc9c2\"},\"breadcrumb\":{\"@id\":\"https:\/\/www.esnautic.com\/ca\/area-esportiva\/vela\/tdv\/el-grancanari-angel-granda-es-situa-al-capdavant-de-libiza-wingfoil-open-despres-de-les-sis-proves-disputades-avui\/#breadcrumb\"},\"inLanguage\":\"ca\",\"potentialAction\":[{\"@type\":\"ReadAction\",\"target\":[\"https:\/\/www.esnautic.com\/ca\/area-esportiva\/vela\/tdv\/el-grancanari-angel-granda-es-situa-al-capdavant-de-libiza-wingfoil-open-despres-de-les-sis-proves-disputades-avui\/\"]}]},{\"@type\":\"ImageObject\",\"inLanguage\":\"ca\",\"@id\":\"https:\/\/www.esnautic.com\/ca\/area-esportiva\/vela\/tdv\/el-grancanari-angel-granda-es-situa-al-capdavant-de-libiza-wingfoil-open-despres-de-les-sis-proves-disputades-avui\/#primaryimage\",\"url\":\"https:\/\/www.esnautic.com\/wp-content\/uploads\/2025\/10\/A7_04736-1.jpg\",\"contentUrl\":\"https:\/\/www.esnautic.com\/wp-content\/uploads\/2025\/10\/A7_04736-1.jpg\",\"width\":1400,\"height\":933,\"caption\":\"Pedro Sell\u00e9s\"},{\"@type\":\"BreadcrumbList\",\"@id\":\"https:\/\/www.esnautic.com\/ca\/area-esportiva\/vela\/tdv\/el-grancanari-angel-granda-es-situa-al-capdavant-de-libiza-wingfoil-open-despres-de-les-sis-proves-disputades-avui\/#breadcrumb\",\"itemListElement\":[{\"@type\":\"ListItem\",\"position\":1,\"name\":\"Inici\",\"item\":\"https:\/\/www.esnautic.com\/ca\/\"},{\"@type\":\"ListItem\",\"position\":2,\"name\":\"El grancanari \u00c1ngel Granda es situa al capdavant de l&#8217;Ibiza Wingfoil Open, despr\u00e9s de les sis proves disputades avui\"}]},{\"@type\":\"WebSite\",\"@id\":\"https:\/\/www.esnautic.com\/#website\",\"url\":\"https:\/\/www.esnautic.com\/\",\"name\":\"Es N\u00e0utic\",\"description\":\"Club N\u00e0utic Sant Antoni\",\"potentialAction\":[{\"@type\":\"SearchAction\",\"target\":{\"@type\":\"EntryPoint\",\"urlTemplate\":\"https:\/\/www.esnautic.com\/?s={search_term_string}\"},\"query-input\":{\"@type\":\"PropertyValueSpecification\",\"valueRequired\":true,\"valueName\":\"search_term_string\"}}],\"inLanguage\":\"ca\"},{\"@type\":\"Person\",\"@id\":\"https:\/\/www.esnautic.com\/#\/schema\/person\/157bc037c5329948c11ef8bde26fc9c2\",\"name\":\"xescu\",\"image\":{\"@type\":\"ImageObject\",\"inLanguage\":\"ca\",\"@id\":\"https:\/\/www.esnautic.com\/#\/schema\/person\/image\/\",\"url\":\"https:\/\/secure.gravatar.com\/avatar\/d569ee5739a9c7022470ea472c9b4b9cf476e15f1be71e5242c911d673d14ad9?s=96&d=mm&r=g\",\"contentUrl\":\"https:\/\/secure.gravatar.com\/avatar\/d569ee5739a9c7022470ea472c9b4b9cf476e15f1be71e5242c911d673d14ad9?s=96&d=mm&r=g\",\"caption\":\"xescu\"},\"url\":\"https:\/\/www.esnautic.com\/ca\/author\/xescu\/\"}]}<\/script>\n<!-- \/ Yoast SEO plugin. -->","yoast_head_json":{"title":"El grancanari \u00c1ngel Granda es situa al capdavant de l'Ibiza Wingfoil Open, despr\u00e9s de les sis proves disputades avui - Es N\u00e0utic","robots":{"index":"index","follow":"follow","max-snippet":"max-snippet:-1","max-image-preview":"max-image-preview:large","max-video-preview":"max-video-preview:-1"},"canonical":"https:\/\/www.esnautic.com\/ca\/area-esportiva\/vela\/tdv\/el-grancanari-angel-granda-es-situa-al-capdavant-de-libiza-wingfoil-open-despres-de-les-sis-proves-disputades-avui\/","og_locale":"ca_ES","og_type":"article","og_title":"El grancanari \u00c1ngel Granda es situa al capdavant de l'Ibiza Wingfoil Open, despr\u00e9s de les sis proves disputades avui - Es N\u00e0utic","og_description":"El regatista \u00c1ngel Granda, del Real Club N\u00e0utic de Gran Can\u00e0ria, s&#8217;ha situat al capdavant de la classificaci\u00f3 provisional absoluta de l&#8217;Eivissa Wingfoil Open Copa d&#8217;Espanya (IWO), seguit dels seus [&hellip;]","og_url":"https:\/\/www.esnautic.com\/ca\/area-esportiva\/vela\/tdv\/el-grancanari-angel-granda-es-situa-al-capdavant-de-libiza-wingfoil-open-despres-de-les-sis-proves-disputades-avui\/","og_site_name":"Es N\u00e0utic","article_published_time":"2025-10-04T16:07:21+00:00","article_modified_time":"2025-10-04T16:13:16+00:00","og_image":[{"width":1400,"height":933,"url":"https:\/\/www.esnautic.com\/wp-content\/uploads\/2025\/10\/A7_04736-1.jpg","type":"image\/jpeg"}],"author":"xescu","twitter_card":"summary_large_image","twitter_misc":{"Escrit per":"xescu","Temps estimat de lectura":"4 minuts"},"schema":{"@context":"https:\/\/schema.org","@graph":[{"@type":"Article","@id":"https:\/\/www.esnautic.com\/ca\/area-esportiva\/vela\/tdv\/el-grancanari-angel-granda-es-situa-al-capdavant-de-libiza-wingfoil-open-despres-de-les-sis-proves-disputades-avui\/#article","isPartOf":{"@id":"https:\/\/www.esnautic.com\/ca\/area-esportiva\/vela\/tdv\/el-grancanari-angel-granda-es-situa-al-capdavant-de-libiza-wingfoil-open-despres-de-les-sis-proves-disputades-avui\/"},"author":{"name":"xescu","@id":"https:\/\/www.esnautic.com\/#\/schema\/person\/157bc037c5329948c11ef8bde26fc9c2"},"headline":"El grancanari \u00c1ngel Granda es situa al capdavant de l&#8217;Ibiza Wingfoil Open, despr\u00e9s de les sis proves disputades avui","datePublished":"2025-10-04T16:07:21+00:00","dateModified":"2025-10-04T16:13:16+00:00","mainEntityOfPage":{"@id":"https:\/\/www.esnautic.com\/ca\/area-esportiva\/vela\/tdv\/el-grancanari-angel-granda-es-situa-al-capdavant-de-libiza-wingfoil-open-despres-de-les-sis-proves-disputades-avui\/"},"wordCount":616,"image":{"@id":"https:\/\/www.esnautic.com\/ca\/area-esportiva\/vela\/tdv\/el-grancanari-angel-granda-es-situa-al-capdavant-de-libiza-wingfoil-open-despres-de-les-sis-proves-disputades-avui\/#primaryimage"},"thumbnailUrl":"https:\/\/www.esnautic.com\/wp-content\/uploads\/2025\/10\/A7_04736-1.jpg","articleSection":["TDV"],"inLanguage":"ca"},{"@type":"WebPage","@id":"https:\/\/www.esnautic.com\/ca\/area-esportiva\/vela\/tdv\/el-grancanari-angel-granda-es-situa-al-capdavant-de-libiza-wingfoil-open-despres-de-les-sis-proves-disputades-avui\/","url":"https:\/\/www.esnautic.com\/ca\/area-esportiva\/vela\/tdv\/el-grancanari-angel-granda-es-situa-al-capdavant-de-libiza-wingfoil-open-despres-de-les-sis-proves-disputades-avui\/","name":"El grancanari \u00c1ngel Granda es situa al capdavant de l'Ibiza Wingfoil Open, despr\u00e9s de les sis proves disputades avui - Es N\u00e0utic","isPartOf":{"@id":"https:\/\/www.esnautic.com\/#website"},"primaryImageOfPage":{"@id":"https:\/\/www.esnautic.com\/ca\/area-esportiva\/vela\/tdv\/el-grancanari-angel-granda-es-situa-al-capdavant-de-libiza-wingfoil-open-despres-de-les-sis-proves-disputades-avui\/#primaryimage"},"image":{"@id":"https:\/\/www.esnautic.com\/ca\/area-esportiva\/vela\/tdv\/el-grancanari-angel-granda-es-situa-al-capdavant-de-libiza-wingfoil-open-despres-de-les-sis-proves-disputades-avui\/#primaryimage"},"thumbnailUrl":"https:\/\/www.esnautic.com\/wp-content\/uploads\/2025\/10\/A7_04736-1.jpg","datePublished":"2025-10-04T16:07:21+00:00","dateModified":"2025-10-04T16:13:16+00:00","author":{"@id":"https:\/\/www.esnautic.com\/#\/schema\/person\/157bc037c5329948c11ef8bde26fc9c2"},"breadcrumb":{"@id":"https:\/\/www.esnautic.com\/ca\/area-esportiva\/vela\/tdv\/el-grancanari-angel-granda-es-situa-al-capdavant-de-libiza-wingfoil-open-despres-de-les-sis-proves-disputades-avui\/#breadcrumb"},"inLanguage":"ca","potentialAction":[{"@type":"ReadAction","target":["https:\/\/www.esnautic.com\/ca\/area-esportiva\/vela\/tdv\/el-grancanari-angel-granda-es-situa-al-capdavant-de-libiza-wingfoil-open-despres-de-les-sis-proves-disputades-avui\/"]}]},{"@type":"ImageObject","inLanguage":"ca","@id":"https:\/\/www.esnautic.com\/ca\/area-esportiva\/vela\/tdv\/el-grancanari-angel-granda-es-situa-al-capdavant-de-libiza-wingfoil-open-despres-de-les-sis-proves-disputades-avui\/#primaryimage","url":"https:\/\/www.esnautic.com\/wp-content\/uploads\/2025\/10\/A7_04736-1.jpg","contentUrl":"https:\/\/www.esnautic.com\/wp-content\/uploads\/2025\/10\/A7_04736-1.jpg","width":1400,"height":933,"caption":"Pedro Sell\u00e9s"},{"@type":"BreadcrumbList","@id":"https:\/\/www.esnautic.com\/ca\/area-esportiva\/vela\/tdv\/el-grancanari-angel-granda-es-situa-al-capdavant-de-libiza-wingfoil-open-despres-de-les-sis-proves-disputades-avui\/#breadcrumb","itemListElement":[{"@type":"ListItem","position":1,"name":"Inici","item":"https:\/\/www.esnautic.com\/ca\/"},{"@type":"ListItem","position":2,"name":"El grancanari \u00c1ngel Granda es situa al capdavant de l&#8217;Ibiza Wingfoil Open, despr\u00e9s de les sis proves disputades avui"}]},{"@type":"WebSite","@id":"https:\/\/www.esnautic.com\/#website","url":"https:\/\/www.esnautic.com\/","name":"Es N\u00e0utic","description":"Club N\u00e0utic Sant Antoni","potentialAction":[{"@type":"SearchAction","target":{"@type":"EntryPoint","urlTemplate":"https:\/\/www.esnautic.com\/?s={search_term_string}"},"query-input":{"@type":"PropertyValueSpecification","valueRequired":true,"valueName":"search_term_string"}}],"inLanguage":"ca"},{"@type":"Person","@id":"https:\/\/www.esnautic.com\/#\/schema\/person\/157bc037c5329948c11ef8bde26fc9c2","name":"xescu","image":{"@type":"ImageObject","inLanguage":"ca","@id":"https:\/\/www.esnautic.com\/#\/schema\/person\/image\/","url":"https:\/\/secure.gravatar.com\/avatar\/d569ee5739a9c7022470ea472c9b4b9cf476e15f1be71e5242c911d673d14ad9?s=96&d=mm&r=g","contentUrl":"https:\/\/secure.gravatar.com\/avatar\/d569ee5739a9c7022470ea472c9b4b9cf476e15f1be71e5242c911d673d14ad9?s=96&d=mm&r=g","caption":"xescu"},"url":"https:\/\/www.esnautic.com\/ca\/author\/xescu\/"}]}},"_links":{"self":[{"href":"https:\/\/www.esnautic.com\/ca\/wp-json\/wp\/v2\/posts\/31365","targetHints":{"allow":["GET"]}}],"collection":[{"href":"https:\/\/www.esnautic.com\/ca\/wp-json\/wp\/v2\/posts"}],"about":[{"href":"https:\/\/www.esnautic.com\/ca\/wp-json\/wp\/v2\/types\/post"}],"author":[{"embeddable":true,"href":"https:\/\/www.esnautic.com\/ca\/wp-json\/wp\/v2\/users\/2"}],"replies":[{"embeddable":true,"href":"https:\/\/www.esnautic.com\/ca\/wp-json\/wp\/v2\/comments?post=31365"}],"version-history":[{"count":2,"href":"https:\/\/www.esnautic.com\/ca\/wp-json\/wp\/v2\/posts\/31365\/revisions"}],"predecessor-version":[{"id":31367,"href":"https:\/\/www.esnautic.com\/ca\/wp-json\/wp\/v2\/posts\/31365\/revisions\/31367"}],"wp:featuredmedia":[{"embeddable":true,"href":"https:\/\/www.esnautic.com\/ca\/wp-json\/wp\/v2\/media\/31347"}],"wp:attachment":[{"href":"https:\/\/www.esnautic.com\/ca\/wp-json\/wp\/v2\/media?parent=31365"}],"wp:term":[{"taxonomy":"category","embeddable":true,"href":"https:\/\/www.esnautic.com\/ca\/wp-json\/wp\/v2\/categories?post=31365"},{"taxonomy":"post_tag","embeddable":true,"href":"https:\/\/www.esnautic.com\/ca\/wp-json\/wp\/v2\/tags?post=31365"}],"curies":[{"name":"wp","href":"https:\/\/api.w.org\/{rel}","templated":true}]}}