{"id":35186,"date":"2026-08-31T19:48:22","date_gmt":"2026-08-31T17:48:22","guid":{"rendered":"https:\/\/www.esnautic.com\/sense-categoritzar\/candela-martin-la-regatista-mas-destacada-de-es-nautic-en-el-62o-gran-dia-de-la-vela\/"},"modified":"2026-08-31T19:49:01","modified_gmt":"2026-08-31T17:49:01","slug":"candela-martin-la-regatista-mes-destacada-de-es-nautic-en-el-62e-gran-dia-de-la-vela","status":"publish","type":"post","link":"https:\/\/www.esnautic.com\/ca\/area-esportiva\/vela\/candela-martin-la-regatista-mes-destacada-de-es-nautic-en-el-62e-gran-dia-de-la-vela\/","title":{"rendered":"Candela Mart\u00edn, la regatista m\u00e1s destacada de Es N\u00e0utic en el 62\u00ba Gran D\u00eda de la Vela"},"content":{"rendered":"<p>Ahir va finalitzar a Palma la 62\u00aa edici\u00f3 del Gran Dia de la Vela Bufete Frau per a les modalitats Optimist i Ilca, al qual varen acudir Sof\u00eda Mar\u00ed Mayans, Candela Mart\u00edn, Paula Pina i Leo Gonzato (Ilca 4), i Flavia Planells (Optimist).<\/p>\n<p>La nostra regatista m\u00e9s destacada va ser Candela Mart\u00edn, que va aconseguir la posici\u00f3 31\u00aa en la general i 10\u00aa en Sub 16, mentre que Paula Pina va ser 40\u00aa i 12\u00aa Sub 16, Sof\u00eda Mar\u00ed Mayans 46\u00aa i 14\u00aa Sub 16 i Leo Gonzato 51\u00e8 de la general. Per altra banda, Flavia planells va acabar en el grup bronze de Optimist. \u201cHa estat un bon entrenament de cara als pr\u00f2xims campionats a nivell balear que es celebraran a Palma i Pollensa el mes d&#8217;octubre, d&#8217;on sortiran els integrants de l&#8217;equip balear per als campionats i copes d&#8217;Espanya 2027\u201d, ha explicat el seu entrenador, Javier Rabelo.<\/p>\n","protected":false},"excerpt":{"rendered":"<p>Ahir va finalitzar a Palma la 62\u00aa edici\u00f3 del Gran Dia de la Vela Bufete Frau per a les modalitats Optimist i Ilca, al qual varen acudir Sof\u00eda Mar\u00ed Mayans, [&hellip;]<\/p>\n","protected":false},"author":2,"featured_media":35187,"comment_status":"closed","ping_status":"closed","sticky":false,"template":"","format":"standard","meta":{"_acf_changed":false,"jnews-multi-image_gallery":[],"jnews_single_post":{"subtitle":"","format":"standard","override":[{"template":"3","parallax":"1","fullscreen":"1","layout":"right-sidebar","sidebar":"default-sidebar","second_sidebar":"default-sidebar","share_position":"bottom","share_float_style":"share-monocrhome","show_share_counter":"1","show_view_counter":"1","show_featured":"1","show_post_meta":"1","show_post_author_image":"1","show_post_date":"1","post_date_format":"default","post_date_format_custom":"Y\/m\/d","show_post_category":"1","show_post_reading_time":"0","post_reading_time_wpm":"300","post_calculate_word_method":"str_word_count","show_zoom_button":"0","zoom_button_out_step":"2","zoom_button_in_step":"3","show_post_tag":"1","show_comment_section":"1","number_popup_post":"2","show_post_related":"1"}],"image_override":[{"single_post_thumbnail_size":"crop-715","single_post_gallery_size":"crop-500"}],"trending_post_position":"meta","trending_post_label":"Trending","sponsored_post_label":"Sponsored by","disable_ad":"0"},"jnews_primary_category":[],"jnews_override_counter":{"view_counter_number":"0","share_counter_number":"0","like_counter_number":"0","dislike_counter_number":"0"},"footnotes":""},"categories":[117,131,50],"tags":[],"class_list":["post-35186","post","type-post","status-publish","format-standard","has-post-thumbnail","hentry","category-ilca","category-optimist","category-vela"],"acf":[],"yoast_head":"<!-- This site is optimized with the Yoast SEO plugin v28.1 - https:\/\/yoast.com\/product\/yoast-seo-wordpress\/ -->\n<title>Candela Mart\u00edn, la regatista m\u00e1s destacada de Es N\u00e0utic en el 62\u00ba Gran D\u00eda de la Vela - Es N\u00e0utic<\/title>\n<meta name=\"robots\" content=\"index, follow, max-snippet:-1, max-image-preview:large, max-video-preview:-1\" \/>\n<link rel=\"canonical\" href=\"https:\/\/www.esnautic.com\/ca\/area-esportiva\/vela\/candela-martin-la-regatista-mes-destacada-de-es-nautic-en-el-62e-gran-dia-de-la-vela\/\" \/>\n<meta property=\"og:locale\" content=\"ca_ES\" \/>\n<meta property=\"og:type\" content=\"article\" \/>\n<meta property=\"og:title\" content=\"Candela Mart\u00edn, la regatista m\u00e1s destacada de Es N\u00e0utic en el 62\u00ba Gran D\u00eda de la Vela - Es N\u00e0utic\" \/>\n<meta property=\"og:description\" content=\"Ahir va finalitzar a Palma la 62\u00aa edici\u00f3 del Gran Dia de la Vela Bufete Frau per a les modalitats Optimist i Ilca, al qual varen acudir Sof\u00eda Mar\u00ed Mayans, [&hellip;]\" \/>\n<meta property=\"og:url\" content=\"https:\/\/www.esnautic.com\/ca\/area-esportiva\/vela\/candela-martin-la-regatista-mes-destacada-de-es-nautic-en-el-62e-gran-dia-de-la-vela\/\" \/>\n<meta property=\"og:site_name\" content=\"Es N\u00e0utic\" \/>\n<meta property=\"article:published_time\" content=\"2026-08-31T17:48:22+00:00\" \/>\n<meta property=\"article:modified_time\" content=\"2026-08-31T17:49:01+00:00\" \/>\n<meta property=\"og:image\" content=\"https:\/\/www.esnautic.com\/wp-content\/uploads\/2026\/08\/gran-dia-de-la-vela-2026-segunda-jornada-rec.jpg\" \/>\n\t<meta property=\"og:image:width\" content=\"1400\" \/>\n\t<meta property=\"og:image:height\" content=\"933\" \/>\n\t<meta property=\"og:image:type\" content=\"image\/jpeg\" \/>\n<meta name=\"author\" content=\"xescu\" \/>\n<meta name=\"twitter:card\" content=\"summary_large_image\" \/>\n<meta name=\"twitter:label1\" content=\"Escrit per\" \/>\n\t<meta name=\"twitter:data1\" content=\"xescu\" \/>\n\t<meta name=\"twitter:label2\" content=\"Temps estimat de lectura\" \/>\n\t<meta name=\"twitter:data2\" content=\"1 minut\" \/>\n<script type=\"application\/ld+json\" class=\"yoast-schema-graph\">{\"@context\":\"https:\\\/\\\/schema.org\",\"@graph\":[{\"@type\":\"Article\",\"@id\":\"https:\\\/\\\/www.esnautic.com\\\/ca\\\/area-esportiva\\\/vela\\\/candela-martin-la-regatista-mes-destacada-de-es-nautic-en-el-62e-gran-dia-de-la-vela\\\/#article\",\"isPartOf\":{\"@id\":\"https:\\\/\\\/www.esnautic.com\\\/ca\\\/area-esportiva\\\/vela\\\/candela-martin-la-regatista-mes-destacada-de-es-nautic-en-el-62e-gran-dia-de-la-vela\\\/\"},\"author\":{\"name\":\"xescu\",\"@id\":\"https:\\\/\\\/www.esnautic.com\\\/#\\\/schema\\\/person\\\/157bc037c5329948c11ef8bde26fc9c2\"},\"headline\":\"Candela Mart\u00edn, la regatista m\u00e1s destacada de Es N\u00e0utic en el 62\u00ba Gran D\u00eda de la Vela\",\"datePublished\":\"2026-08-31T17:48:22+00:00\",\"dateModified\":\"2026-08-31T17:49:01+00:00\",\"mainEntityOfPage\":{\"@id\":\"https:\\\/\\\/www.esnautic.com\\\/ca\\\/area-esportiva\\\/vela\\\/candela-martin-la-regatista-mes-destacada-de-es-nautic-en-el-62e-gran-dia-de-la-vela\\\/\"},\"wordCount\":166,\"image\":{\"@id\":\"https:\\\/\\\/www.esnautic.com\\\/ca\\\/area-esportiva\\\/vela\\\/candela-martin-la-regatista-mes-destacada-de-es-nautic-en-el-62e-gran-dia-de-la-vela\\\/#primaryimage\"},\"thumbnailUrl\":\"https:\\\/\\\/www.esnautic.com\\\/wp-content\\\/uploads\\\/2026\\\/08\\\/gran-dia-de-la-vela-2026-segunda-jornada-rec.jpg\",\"articleSection\":[\"ILCA\",\"Optimist\",\"Vela\"],\"inLanguage\":\"ca\"},{\"@type\":\"WebPage\",\"@id\":\"https:\\\/\\\/www.esnautic.com\\\/ca\\\/area-esportiva\\\/vela\\\/candela-martin-la-regatista-mes-destacada-de-es-nautic-en-el-62e-gran-dia-de-la-vela\\\/\",\"url\":\"https:\\\/\\\/www.esnautic.com\\\/ca\\\/area-esportiva\\\/vela\\\/candela-martin-la-regatista-mes-destacada-de-es-nautic-en-el-62e-gran-dia-de-la-vela\\\/\",\"name\":\"Candela Mart\u00edn, la regatista m\u00e1s destacada de Es N\u00e0utic en el 62\u00ba Gran D\u00eda de la Vela - Es N\u00e0utic\",\"isPartOf\":{\"@id\":\"https:\\\/\\\/www.esnautic.com\\\/#website\"},\"primaryImageOfPage\":{\"@id\":\"https:\\\/\\\/www.esnautic.com\\\/ca\\\/area-esportiva\\\/vela\\\/candela-martin-la-regatista-mes-destacada-de-es-nautic-en-el-62e-gran-dia-de-la-vela\\\/#primaryimage\"},\"image\":{\"@id\":\"https:\\\/\\\/www.esnautic.com\\\/ca\\\/area-esportiva\\\/vela\\\/candela-martin-la-regatista-mes-destacada-de-es-nautic-en-el-62e-gran-dia-de-la-vela\\\/#primaryimage\"},\"thumbnailUrl\":\"https:\\\/\\\/www.esnautic.com\\\/wp-content\\\/uploads\\\/2026\\\/08\\\/gran-dia-de-la-vela-2026-segunda-jornada-rec.jpg\",\"datePublished\":\"2026-08-31T17:48:22+00:00\",\"dateModified\":\"2026-08-31T17:49:01+00:00\",\"author\":{\"@id\":\"https:\\\/\\\/www.esnautic.com\\\/#\\\/schema\\\/person\\\/157bc037c5329948c11ef8bde26fc9c2\"},\"breadcrumb\":{\"@id\":\"https:\\\/\\\/www.esnautic.com\\\/ca\\\/area-esportiva\\\/vela\\\/candela-martin-la-regatista-mes-destacada-de-es-nautic-en-el-62e-gran-dia-de-la-vela\\\/#breadcrumb\"},\"inLanguage\":\"ca\",\"potentialAction\":[{\"@type\":\"ReadAction\",\"target\":[\"https:\\\/\\\/www.esnautic.com\\\/ca\\\/area-esportiva\\\/vela\\\/candela-martin-la-regatista-mes-destacada-de-es-nautic-en-el-62e-gran-dia-de-la-vela\\\/\"]}]},{\"@type\":\"ImageObject\",\"inLanguage\":\"ca\",\"@id\":\"https:\\\/\\\/www.esnautic.com\\\/ca\\\/area-esportiva\\\/vela\\\/candela-martin-la-regatista-mes-destacada-de-es-nautic-en-el-62e-gran-dia-de-la-vela\\\/#primaryimage\",\"url\":\"https:\\\/\\\/www.esnautic.com\\\/wp-content\\\/uploads\\\/2026\\\/08\\\/gran-dia-de-la-vela-2026-segunda-jornada-rec.jpg\",\"contentUrl\":\"https:\\\/\\\/www.esnautic.com\\\/wp-content\\\/uploads\\\/2026\\\/08\\\/gran-dia-de-la-vela-2026-segunda-jornada-rec.jpg\",\"width\":1400,\"height\":933},{\"@type\":\"BreadcrumbList\",\"@id\":\"https:\\\/\\\/www.esnautic.com\\\/ca\\\/area-esportiva\\\/vela\\\/candela-martin-la-regatista-mes-destacada-de-es-nautic-en-el-62e-gran-dia-de-la-vela\\\/#breadcrumb\",\"itemListElement\":[{\"@type\":\"ListItem\",\"position\":1,\"name\":\"Inici\",\"item\":\"https:\\\/\\\/www.esnautic.com\\\/ca\\\/\"},{\"@type\":\"ListItem\",\"position\":2,\"name\":\"Candela Mart\u00edn, la regatista m\u00e1s destacada de Es N\u00e0utic en el 62\u00ba Gran D\u00eda de la Vela\"}]},{\"@type\":\"WebSite\",\"@id\":\"https:\\\/\\\/www.esnautic.com\\\/#website\",\"url\":\"https:\\\/\\\/www.esnautic.com\\\/\",\"name\":\"Es N\u00e0utic\",\"description\":\"Club N\u00e0utic Sant Antoni\",\"potentialAction\":[{\"@type\":\"SearchAction\",\"target\":{\"@type\":\"EntryPoint\",\"urlTemplate\":\"https:\\\/\\\/www.esnautic.com\\\/?s={search_term_string}\"},\"query-input\":{\"@type\":\"PropertyValueSpecification\",\"valueRequired\":true,\"valueName\":\"search_term_string\"}}],\"inLanguage\":\"ca\"},{\"@type\":\"Person\",\"@id\":\"https:\\\/\\\/www.esnautic.com\\\/#\\\/schema\\\/person\\\/157bc037c5329948c11ef8bde26fc9c2\",\"name\":\"xescu\",\"image\":{\"@type\":\"ImageObject\",\"inLanguage\":\"ca\",\"@id\":\"https:\\\/\\\/secure.gravatar.com\\\/avatar\\\/d569ee5739a9c7022470ea472c9b4b9cf476e15f1be71e5242c911d673d14ad9?s=96&d=mm&r=g\",\"url\":\"https:\\\/\\\/secure.gravatar.com\\\/avatar\\\/d569ee5739a9c7022470ea472c9b4b9cf476e15f1be71e5242c911d673d14ad9?s=96&d=mm&r=g\",\"contentUrl\":\"https:\\\/\\\/secure.gravatar.com\\\/avatar\\\/d569ee5739a9c7022470ea472c9b4b9cf476e15f1be71e5242c911d673d14ad9?s=96&d=mm&r=g\",\"caption\":\"xescu\"},\"url\":\"https:\\\/\\\/www.esnautic.com\\\/ca\\\/author\\\/xescu\\\/\"}]}<\/script>\n<!-- \/ Yoast SEO plugin. -->","yoast_head_json":{"title":"Candela Mart\u00edn, la regatista m\u00e1s destacada de Es N\u00e0utic en el 62\u00ba Gran D\u00eda de la Vela - Es N\u00e0utic","robots":{"index":"index","follow":"follow","max-snippet":"max-snippet:-1","max-image-preview":"max-image-preview:large","max-video-preview":"max-video-preview:-1"},"canonical":"https:\/\/www.esnautic.com\/ca\/area-esportiva\/vela\/candela-martin-la-regatista-mes-destacada-de-es-nautic-en-el-62e-gran-dia-de-la-vela\/","og_locale":"ca_ES","og_type":"article","og_title":"Candela Mart\u00edn, la regatista m\u00e1s destacada de Es N\u00e0utic en el 62\u00ba Gran D\u00eda de la Vela - Es N\u00e0utic","og_description":"Ahir va finalitzar a Palma la 62\u00aa edici\u00f3 del Gran Dia de la Vela Bufete Frau per a les modalitats Optimist i Ilca, al qual varen acudir Sof\u00eda Mar\u00ed Mayans, [&hellip;]","og_url":"https:\/\/www.esnautic.com\/ca\/area-esportiva\/vela\/candela-martin-la-regatista-mes-destacada-de-es-nautic-en-el-62e-gran-dia-de-la-vela\/","og_site_name":"Es N\u00e0utic","article_published_time":"2026-08-31T17:48:22+00:00","article_modified_time":"2026-08-31T17:49:01+00:00","og_image":[{"width":1400,"height":933,"url":"https:\/\/www.esnautic.com\/wp-content\/uploads\/2026\/08\/gran-dia-de-la-vela-2026-segunda-jornada-rec.jpg","type":"image\/jpeg"}],"author":"xescu","twitter_card":"summary_large_image","twitter_misc":{"Escrit per":"xescu","Temps estimat de lectura":"1 minut"},"schema":{"@context":"https:\/\/schema.org","@graph":[{"@type":"Article","@id":"https:\/\/www.esnautic.com\/ca\/area-esportiva\/vela\/candela-martin-la-regatista-mes-destacada-de-es-nautic-en-el-62e-gran-dia-de-la-vela\/#article","isPartOf":{"@id":"https:\/\/www.esnautic.com\/ca\/area-esportiva\/vela\/candela-martin-la-regatista-mes-destacada-de-es-nautic-en-el-62e-gran-dia-de-la-vela\/"},"author":{"name":"xescu","@id":"https:\/\/www.esnautic.com\/#\/schema\/person\/157bc037c5329948c11ef8bde26fc9c2"},"headline":"Candela Mart\u00edn, la regatista m\u00e1s destacada de Es N\u00e0utic en el 62\u00ba Gran D\u00eda de la Vela","datePublished":"2026-08-31T17:48:22+00:00","dateModified":"2026-08-31T17:49:01+00:00","mainEntityOfPage":{"@id":"https:\/\/www.esnautic.com\/ca\/area-esportiva\/vela\/candela-martin-la-regatista-mes-destacada-de-es-nautic-en-el-62e-gran-dia-de-la-vela\/"},"wordCount":166,"image":{"@id":"https:\/\/www.esnautic.com\/ca\/area-esportiva\/vela\/candela-martin-la-regatista-mes-destacada-de-es-nautic-en-el-62e-gran-dia-de-la-vela\/#primaryimage"},"thumbnailUrl":"https:\/\/www.esnautic.com\/wp-content\/uploads\/2026\/08\/gran-dia-de-la-vela-2026-segunda-jornada-rec.jpg","articleSection":["ILCA","Optimist","Vela"],"inLanguage":"ca"},{"@type":"WebPage","@id":"https:\/\/www.esnautic.com\/ca\/area-esportiva\/vela\/candela-martin-la-regatista-mes-destacada-de-es-nautic-en-el-62e-gran-dia-de-la-vela\/","url":"https:\/\/www.esnautic.com\/ca\/area-esportiva\/vela\/candela-martin-la-regatista-mes-destacada-de-es-nautic-en-el-62e-gran-dia-de-la-vela\/","name":"Candela Mart\u00edn, la regatista m\u00e1s destacada de Es N\u00e0utic en el 62\u00ba Gran D\u00eda de la Vela - Es N\u00e0utic","isPartOf":{"@id":"https:\/\/www.esnautic.com\/#website"},"primaryImageOfPage":{"@id":"https:\/\/www.esnautic.com\/ca\/area-esportiva\/vela\/candela-martin-la-regatista-mes-destacada-de-es-nautic-en-el-62e-gran-dia-de-la-vela\/#primaryimage"},"image":{"@id":"https:\/\/www.esnautic.com\/ca\/area-esportiva\/vela\/candela-martin-la-regatista-mes-destacada-de-es-nautic-en-el-62e-gran-dia-de-la-vela\/#primaryimage"},"thumbnailUrl":"https:\/\/www.esnautic.com\/wp-content\/uploads\/2026\/08\/gran-dia-de-la-vela-2026-segunda-jornada-rec.jpg","datePublished":"2026-08-31T17:48:22+00:00","dateModified":"2026-08-31T17:49:01+00:00","author":{"@id":"https:\/\/www.esnautic.com\/#\/schema\/person\/157bc037c5329948c11ef8bde26fc9c2"},"breadcrumb":{"@id":"https:\/\/www.esnautic.com\/ca\/area-esportiva\/vela\/candela-martin-la-regatista-mes-destacada-de-es-nautic-en-el-62e-gran-dia-de-la-vela\/#breadcrumb"},"inLanguage":"ca","potentialAction":[{"@type":"ReadAction","target":["https:\/\/www.esnautic.com\/ca\/area-esportiva\/vela\/candela-martin-la-regatista-mes-destacada-de-es-nautic-en-el-62e-gran-dia-de-la-vela\/"]}]},{"@type":"ImageObject","inLanguage":"ca","@id":"https:\/\/www.esnautic.com\/ca\/area-esportiva\/vela\/candela-martin-la-regatista-mes-destacada-de-es-nautic-en-el-62e-gran-dia-de-la-vela\/#primaryimage","url":"https:\/\/www.esnautic.com\/wp-content\/uploads\/2026\/08\/gran-dia-de-la-vela-2026-segunda-jornada-rec.jpg","contentUrl":"https:\/\/www.esnautic.com\/wp-content\/uploads\/2026\/08\/gran-dia-de-la-vela-2026-segunda-jornada-rec.jpg","width":1400,"height":933},{"@type":"BreadcrumbList","@id":"https:\/\/www.esnautic.com\/ca\/area-esportiva\/vela\/candela-martin-la-regatista-mes-destacada-de-es-nautic-en-el-62e-gran-dia-de-la-vela\/#breadcrumb","itemListElement":[{"@type":"ListItem","position":1,"name":"Inici","item":"https:\/\/www.esnautic.com\/ca\/"},{"@type":"ListItem","position":2,"name":"Candela Mart\u00edn, la regatista m\u00e1s destacada de Es N\u00e0utic en el 62\u00ba Gran D\u00eda de la Vela"}]},{"@type":"WebSite","@id":"https:\/\/www.esnautic.com\/#website","url":"https:\/\/www.esnautic.com\/","name":"Es N\u00e0utic","description":"Club N\u00e0utic Sant Antoni","potentialAction":[{"@type":"SearchAction","target":{"@type":"EntryPoint","urlTemplate":"https:\/\/www.esnautic.com\/?s={search_term_string}"},"query-input":{"@type":"PropertyValueSpecification","valueRequired":true,"valueName":"search_term_string"}}],"inLanguage":"ca"},{"@type":"Person","@id":"https:\/\/www.esnautic.com\/#\/schema\/person\/157bc037c5329948c11ef8bde26fc9c2","name":"xescu","image":{"@type":"ImageObject","inLanguage":"ca","@id":"https:\/\/secure.gravatar.com\/avatar\/d569ee5739a9c7022470ea472c9b4b9cf476e15f1be71e5242c911d673d14ad9?s=96&d=mm&r=g","url":"https:\/\/secure.gravatar.com\/avatar\/d569ee5739a9c7022470ea472c9b4b9cf476e15f1be71e5242c911d673d14ad9?s=96&d=mm&r=g","contentUrl":"https:\/\/secure.gravatar.com\/avatar\/d569ee5739a9c7022470ea472c9b4b9cf476e15f1be71e5242c911d673d14ad9?s=96&d=mm&r=g","caption":"xescu"},"url":"https:\/\/www.esnautic.com\/ca\/author\/xescu\/"}]}},"_links":{"self":[{"href":"https:\/\/www.esnautic.com\/ca\/wp-json\/wp\/v2\/posts\/35186","targetHints":{"allow":["GET"]}}],"collection":[{"href":"https:\/\/www.esnautic.com\/ca\/wp-json\/wp\/v2\/posts"}],"about":[{"href":"https:\/\/www.esnautic.com\/ca\/wp-json\/wp\/v2\/types\/post"}],"author":[{"embeddable":true,"href":"https:\/\/www.esnautic.com\/ca\/wp-json\/wp\/v2\/users\/2"}],"replies":[{"embeddable":true,"href":"https:\/\/www.esnautic.com\/ca\/wp-json\/wp\/v2\/comments?post=35186"}],"version-history":[{"count":1,"href":"https:\/\/www.esnautic.com\/ca\/wp-json\/wp\/v2\/posts\/35186\/revisions"}],"predecessor-version":[{"id":35188,"href":"https:\/\/www.esnautic.com\/ca\/wp-json\/wp\/v2\/posts\/35186\/revisions\/35188"}],"wp:featuredmedia":[{"embeddable":true,"href":"https:\/\/www.esnautic.com\/ca\/wp-json\/wp\/v2\/media\/35187"}],"wp:attachment":[{"href":"https:\/\/www.esnautic.com\/ca\/wp-json\/wp\/v2\/media?parent=35186"}],"wp:term":[{"taxonomy":"category","embeddable":true,"href":"https:\/\/www.esnautic.com\/ca\/wp-json\/wp\/v2\/categories?post=35186"},{"taxonomy":"post_tag","embeddable":true,"href":"https:\/\/www.esnautic.com\/ca\/wp-json\/wp\/v2\/tags?post=35186"}],"curies":[{"name":"wp","href":"https:\/\/api.w.org\/{rel}","templated":true}]}}